{"id":9526,"date":"2015-10-29T16:01:21","date_gmt":"2015-10-29T15:01:21","guid":{"rendered":"http:\/\/www.anyssa.org\/classedesgnomes\/?p=9526"},"modified":"2018-10-03T18:00:04","modified_gmt":"2018-10-03T16:00:04","slug":"des-sacs-a-album-pour-des-tps-ps","status":"publish","type":"post","link":"https:\/\/www.anyssa.org\/classedesgnomes\/des-sacs-a-album-pour-des-tps-ps\/","title":{"rendered":"Des sacs \u00e0 album pour des TPS-PS"},"content":{"rendered":"<p><img data-recalc-dims=\"1\" decoding=\"async\" class=\"illustration aligncenter\" title=\"Contribution\" src=\"https:\/\/i0.wp.com\/www.anyssa.org\/classedesgnomes\/wp-content\/uploads\/2014\/08\/poz-contribution.gif?resize=80%2C49\" alt=\"Contribution\" width=\"80\" height=\"49\" \/><\/p>\n<p>Une nouvelle contribution de ma coll\u00e8gue Maya : la pr\u00e9sentation des sacs \u00e0 album qu&rsquo;elle a mis en place dans sa classe au printemps 2015.<\/p>\n<hr \/>\n<h2>Comment \u00e7a fonctionne ?<\/h2>\n<p>1\/ Il y a tout d&rsquo;abord <strong>la d\u00e9couverte et l&rsquo;exploitation de l&rsquo;album en classe<\/strong>. En g\u00e9n\u00e9ral, Maya a recours dans un premier temps \u00e0 des marottes et\/ou des figurines pour faire vivre l&rsquo;album et en accompagner la compr\u00e9hension. Elle utilise des illustrations vid\u00e9oprojet\u00e9es, puis raconte l&rsquo;album. Et enfin elle en fait une lecture classique.<\/p>\n<p>2- Vient ensuite <strong>la pr\u00e9sentation du sac \u00e0 album aux \u00e9l\u00e8ves<\/strong>, en atelier dirig\u00e9 de 4 ou 5 \u00e9l\u00e8ves. Ils manipulent le mat\u00e9riel, r\u00e9alisent l&rsquo;activit\u00e9 plac\u00e9e dans le sac.<\/p>\n<p>3- Chaque soir, <strong>un \u00e9l\u00e8ve emporte un sac \u00e0 album chez lui<\/strong>. Pour le suivi des sacs, Maya utilise une liste des sacs en circulation sur laquelle elle marque d&rsquo;une croix le livre pris par l&rsquo;\u00e9l\u00e8ve. Elle demande que le sac soit rapport\u00e9 \u00e0 l&rsquo;\u00e9cole d\u00e8s le lendemain, dans la mesure du possible, et insiste pour que ce soient les parents \u00e0 qui l&rsquo;enfant raconte l&rsquo;histoire. (\u00ab\u00a0ok dans moins de 80% !!!\u00a0\u00bb m&rsquo;a-t-elle pr\u00e9cis\u00e9.)<\/p>\n<p>4- <strong>Dans la journ\u00e9e<\/strong>, le sac \u00e0 album est \u00e0 disposition dans le coin biblioth\u00e8que et les \u00e9l\u00e8ves peuvent le manipuler. Cela permet aussi de r\u00e9activer le langage et l&rsquo;activit\u00e9 car entre les premiers \u00e9l\u00e8ves et les derniers \u00e0 avoir le sac, il y a 5 semaines au minimum.\u00a0 Mais du coup, il faut v\u00e9rifier le sac le soir avant de le donner, pour s&rsquo;assurer qu&rsquo;il est complet et que les activit\u00e9s ne sont pas m\u00e9lang\u00e9es.<\/p>\n<p>D\u00e8s qu&rsquo;un sac est pass\u00e9 dans toutes les maisons, il reste disponible au coin biblioth\u00e8que. L&rsquo;an dernier, des parents ont aussi demand\u00e9\u00a0 \u00e0 reprendre un sac bien plus tard.<\/p>\n<p><strong>Par exemple sur cette p\u00e9riode 1<\/strong> : trois sacs ont \u00e9t\u00e9 en circulation progressivement (dont deux nouveaux qui ne figurent pas encore dans les sacs pr\u00e9sent\u00e9s dans cet article. \u00c7a viendra&#8230;).\u00a0 L&rsquo;id\u00e9al est d&rsquo;avoir 5 \u00e0 6 sacs en circulation pour que sur la semaine chaque \u00e9l\u00e8ve puisse en emporter un.<\/p>\n<hr \/>\n<h2>Concr\u00e8tement, comment \u00e7a se pr\u00e9sente ?<\/h2>\n<h3>Quel contenant ?<\/h3>\n<p><img decoding=\"async\" class=\"illustration alignleft\" title=\"Sac \u00e0 album entrouvert\" src=\"\/classedesgnomes\/wp-content\/uploads\/documents\/maternelle\/maya\/sac-a-album\/sac-album_entrouvert.jpg\" alt=\"Sac \u00e0 album entrouvert\" width=\"250\" height=\"188\" \/>Maya utilise des petits sacs en toile (hauteur : 27cm, largeur : 24cm), sur lesquels elle reproduit au feutre pour tissu un aper\u00e7u des couvertures des albums.<\/p>\n<p style=\"padding-left: 90px\">Technique pour tracer la couverture sur le sac : placer le livre \u00e0 l&rsquo;int\u00e9rieur, d\u00e9calquer par transparence, puis repasser au feutre.<\/p>\n<h3>Quel contenu ?<\/h3>\n<p><img decoding=\"async\" class=\"illustration alignright\" title=\"Sac \u00e0 album - contenu\" src=\"\/classedesgnomes\/wp-content\/uploads\/documents\/maternelle\/maya\/sac-a-album\/sac-album_contenu01.jpg\" alt=\"Sac \u00e0 album - contenu\" width=\"250\" height=\"188\" \/>Les sacs sont destin\u00e9s \u00e0 des \u00e9l\u00e8ves de TPS-PS. Leur contenu est donc volontairement restreint :<\/p>\n<ul>\n<li>le livre (en petit format quand il existe),<\/li>\n<li>l&rsquo;activit\u00e9 en lien avec l&rsquo;album.<\/li>\n<\/ul>\n<h3>Quelle activit\u00e9 ?<\/h3>\n<p>Une seule activit\u00e9 est plac\u00e9e dans le sac, m\u00eame si d&rsquo;autres ont pu \u00eatre men\u00e9es en classe. L&rsquo;objectif de l&rsquo;activit\u00e9 est de faire du livre un objet de langage. Elle permet d&rsquo;interagir avec le livre au fil de la lecture. Il peut s&rsquo;agir de marque-pages \u00e0 placer \u00e0 certaines pages, d&rsquo;illustrations \u00e0 retrouver, d&rsquo;un loto&#8230;<\/p>\n<p style=\"padding-left: 90px\">\u00a0\u00a0\u00a0\u00a0\u00a0 <img decoding=\"async\" class=\"illustration alignnone\" title=\"Sac \u00e0 album - contenu\" src=\"\/classedesgnomes\/wp-content\/uploads\/documents\/maternelle\/maya\/sac-a-album\/sac-album_contenu02.jpg\" alt=\"Sac \u00e0 album - contenu\" width=\"250\" height=\"193\" \/><\/p>\n<hr \/>\n<h2>Les sacs \u00e0 album<\/h2>\n<p><span style=\"color: #0000ff\"><em><strong>Cliquez sur les couvertures pour acc\u00e9der aux fiches produits des albums sur Amazon.<\/strong><\/em><\/span><\/p>\n<table style=\"width: 100%\">\n<tbody>\n<tr>\n<td style=\"width: 20%\"><a href=\"http:\/\/www.amazon.fr\/gp\/product\/2211038611\/ref=as_li_tl?ie=UTF8&amp;camp=1642&amp;creative=6746&amp;creativeASIN=2211038611&amp;linkCode=as2&amp;tag=laclasdesgnom-21\" target=\"_blank\" rel=\"nofollow noopener\"><img decoding=\"async\" class=\"telechargement alignnone\" title=\"D\u00e9livrez-moi - Alex Sanders\" src=\"http:\/\/ws-eu.amazon-adsystem.com\/widgets\/q?_encoding=UTF8&amp;ASIN=2211038611&amp;Format=_SL250_&amp;ID=AsinImage&amp;MarketPlace=FR&amp;ServiceVersion=20070822&amp;WS=1&amp;tag=laclasdesgnom-21\" alt=\"D\u00e9livrez-moi - Alex Sanders\" width=\"150\" height=\"208\" border=\"0\" \/><\/a><img decoding=\"async\" style=\"border: none !important;margin: 0px !important\" src=\"http:\/\/ir-fr.amazon-adsystem.com\/e\/ir?t=laclasdesgnom-21&amp;l=as2&amp;o=8&amp;a=2211038611\" alt=\"\" width=\"1\" height=\"1\" border=\"0\" \/> \u00a0<\/td>\n<td style=\"width: 90%;vertical-align: top\">\n<h3>D\u00e9livrez-moi &#8211; Alex Sanders<\/h3>\n<p style=\"padding-left: 30px\"><a href=\"\/classedesgnomes\/wp-content\/uploads\/documents\/maternelle\/maya\/sac-a-album\/sac-album_delivrez-moi.pdf\"><img decoding=\"async\" class=\"illustration alignnone\" title=\"Sac \u00e0 album D\u00e9livrez-moi !\" src=\"\/classedesgnomes\/wp-content\/uploads\/documents\/imagesite\/sac-album_pdf.png\" alt=\"Sac \u00e0 album D\u00e9livrez-moi !\" width=\"178\" height=\"29\" \/><\/a><br \/>\n<a href=\"\/classedesgnomes\/wp-content\/uploads\/documents\/maternelle\/maya\/sac-a-album\/sac-album_delivrez-moi.docx\"><img decoding=\"async\" class=\"illustration alignnone\" title=\"Sac \u00e0 album D\u00e9livrez-moi !\" src=\"\/classedesgnomes\/wp-content\/uploads\/documents\/imagesite\/sac-album_docx.png\" alt=\"Sac \u00e0 album D\u00e9livrez-moi !\" width=\"178\" height=\"29\" \/><\/a><\/p>\n<\/td>\n<\/tr>\n<tr>\n<td style=\"width: 20%\"><a href=\"http:\/\/www.amazon.fr\/gp\/product\/2953748318\/ref=as_li_tl?ie=UTF8&amp;camp=1642&amp;creative=6746&amp;creativeASIN=2953748318&amp;linkCode=as2&amp;tag=laclasdesgnom-21\" target=\"_blank\" rel=\"nofollow noopener\"><img decoding=\"async\" class=\"telechargement alignnone\" title=\"Louna au mus\u00e9e - H\u00e9l\u00e9na Garcia-Perez\" src=\"http:\/\/ws-eu.amazon-adsystem.com\/widgets\/q?_encoding=UTF8&amp;ASIN=2953748318&amp;Format=_SL250_&amp;ID=AsinImage&amp;MarketPlace=FR&amp;ServiceVersion=20070822&amp;WS=1&amp;tag=laclasdesgnom-21\" alt=\"Louna au mus\u00e9e - H\u00e9l\u00e9na Garcia-Perez\" width=\"150\" height=\"208\" border=\"0\" \/><\/a><img decoding=\"async\" style=\"border: none !important;margin: 0px !important\" src=\"http:\/\/ir-fr.amazon-adsystem.com\/e\/ir?t=laclasdesgnom-21&amp;l=as2&amp;o=8&amp;a=2953748318\" alt=\"\" width=\"1\" height=\"1\" border=\"0\" \/> \u00a0<\/td>\n<td style=\"width: 90%;vertical-align: top\">\n<h3>Louna au mus\u00e9e &#8211; H\u00e9l\u00e9na Garcia-Perez<\/h3>\n<p style=\"padding-left: 30px\"><a href=\"\/classedesgnomes\/wp-content\/uploads\/documents\/maternelle\/maya\/sac-a-album\/sac-album_louna-au-musee.pdf\"><img decoding=\"async\" class=\"illustration alignnone\" title=\"Sac \u00e0 album Louna au mus\u00e9e\" src=\"\/classedesgnomes\/wp-content\/uploads\/documents\/imagesite\/sac-album_pdf.png\" alt=\"Sac \u00e0 album Louna au mus\u00e9e\" width=\"178\" height=\"29\" \/><\/a><br \/>\n<a href=\"\/classedesgnomes\/wp-content\/uploads\/documents\/maternelle\/maya\/sac-a-album\/sac-album_louna-au-musee.docx\"><img decoding=\"async\" class=\"illustration alignnone\" title=\"Sac \u00e0 album Louna au mus\u00e9e\" src=\"\/classedesgnomes\/wp-content\/uploads\/documents\/imagesite\/sac-album_docx.png\" alt=\"Sac \u00e0 album Louna au mus\u00e9e\" width=\"178\" height=\"29\" \/><\/a>\u00a0<\/p>\n<\/td>\n<\/tr>\n<tr>\n<td style=\"width: 20%\">\u00a0<a href=\"http:\/\/www.amazon.fr\/gp\/product\/2211029647\/ref=as_li_tl?ie=UTF8&amp;camp=1642&amp;creative=6746&amp;creativeASIN=2211029647&amp;linkCode=as2&amp;tag=laclasdesgnom-21\" target=\"_blank\" rel=\"nofollow noopener\"><img decoding=\"async\" class=\"telechargement alignnone\" title=\"Loup y es-tu ? - Sylvie Auzary-Luton\" src=\"http:\/\/ws-eu.amazon-adsystem.com\/widgets\/q?_encoding=UTF8&amp;ASIN=2211029647&amp;Format=_SL250_&amp;ID=AsinImage&amp;MarketPlace=FR&amp;ServiceVersion=20070822&amp;WS=1&amp;tag=laclasdesgnom-21\" alt=\"Loup y es-tu ? - Sylvie Auzary-Luton\" width=\"150\" height=\"166\" border=\"0\" \/><\/a><img decoding=\"async\" style=\"border: none !important;margin: 0px !important\" src=\"http:\/\/ir-fr.amazon-adsystem.com\/e\/ir?t=laclasdesgnom-21&amp;l=as2&amp;o=8&amp;a=2211029647\" alt=\"\" width=\"1\" height=\"1\" border=\"0\" \/><\/td>\n<td style=\"width: 90%;vertical-align: top\">\n<h3>Loup y es-tu ? &#8211; Sylvie Auzary-Luton<\/h3>\n<p style=\"padding-left: 30px\"><a href=\"\/classedesgnomes\/wp-content\/uploads\/documents\/maternelle\/maya\/sac-a-album\/sac-album_loup-y-es-tu.pdf\"><img decoding=\"async\" class=\"illustration alignnone\" title=\"Sac \u00e0 album Loup y es-tu ?\" src=\"\/classedesgnomes\/wp-content\/uploads\/documents\/imagesite\/sac-album_pdf.png\" alt=\"Sac \u00e0 album Loup y es-tu ?\" width=\"178\" height=\"29\" \/><\/a><br \/>\n<a href=\"\/classedesgnomes\/wp-content\/uploads\/documents\/maternelle\/maya\/sac-a-album\/sac-album_loup-y-es-tu.docx\"><img decoding=\"async\" class=\"illustration alignnone\" title=\"Sac \u00e0 album Loup y es-tu ?\" src=\"\/classedesgnomes\/wp-content\/uploads\/documents\/imagesite\/sac-album_docx.png\" alt=\"Sac \u00e0 album Loup y es-tu ?\" width=\"178\" height=\"29\" \/><\/a> \u00a0<\/p>\n<\/td>\n<\/tr>\n<tr>\n<td style=\"width: 20%\">\u00a0<a href=\"http:\/\/www.amazon.fr\/gp\/product\/2211010903\/ref=as_li_tl?ie=UTF8&amp;camp=1642&amp;creative=6746&amp;creativeASIN=2211010903&amp;linkCode=as2&amp;tag=laclasdesgnom-21\" target=\"_blank\" rel=\"nofollow noopener\"><img decoding=\"async\" class=\"telechargement alignnone\" title=\"Les aventures d'une petite bulle rouge - Iela Mari\" src=\"http:\/\/ws-eu.amazon-adsystem.com\/widgets\/q?_encoding=UTF8&amp;ASIN=2211010903&amp;Format=_SL250_&amp;ID=AsinImage&amp;MarketPlace=FR&amp;ServiceVersion=20070822&amp;WS=1&amp;tag=laclasdesgnom-21\" alt=\"Les aventures d'une petite bulle rouge - Iela Mari\" width=\"150\" height=\"208\" border=\"0\" \/><\/a><img decoding=\"async\" style=\"border: none !important;margin: 0px !important\" src=\"http:\/\/ir-fr.amazon-adsystem.com\/e\/ir?t=laclasdesgnom-21&amp;l=as2&amp;o=8&amp;a=2211010903\" alt=\"\" width=\"1\" height=\"1\" border=\"0\" \/><\/td>\n<td style=\"width: 90%;vertical-align: top\">\n<h3>Les aventures d&rsquo;une petite bulle rouge &#8211; Iela Mari<\/h3>\n<p style=\"padding-left: 30px\"><a href=\"\/classedesgnomes\/wp-content\/uploads\/documents\/maternelle\/maya\/sac-a-album\/sac-album_les-aventures-de-la-petite-bulle-rouge.pdf\"><img decoding=\"async\" class=\"illustration alignnone\" title=\"Sac \u00e0 album Les aventures d'une petite bulle rouge\" src=\"\/classedesgnomes\/wp-content\/uploads\/documents\/imagesite\/sac-album_pdf.png\" alt=\"Sac \u00e0 album Les aventures d'une petite bulle rouge\" width=\"178\" height=\"29\" \/><\/a><br \/>\n<a href=\"\/classedesgnomes\/wp-content\/uploads\/documents\/maternelle\/maya\/sac-a-album\/sac-album_les-aventures-de-la-petite-bulle-rouge.docx\"><img decoding=\"async\" class=\"illustration alignnone\" title=\"Sac \u00e0 album Les aventures d'une petite bulle rouge\" src=\"\/classedesgnomes\/wp-content\/uploads\/documents\/imagesite\/sac-album_docx.png\" alt=\"Sac \u00e0 album Les aventures d'une petite bulle rouge\" width=\"178\" height=\"29\" \/><\/a> \u00a0<\/p>\n<\/td>\n<\/tr>\n<tr>\n<td style=\"width: 20%\"><a href=\"http:\/\/www.amazon.fr\/gp\/product\/2211092284\/ref=as_li_tl?ie=UTF8&amp;camp=1642&amp;creative=6746&amp;creativeASIN=2211092284&amp;linkCode=as2&amp;tag=laclasdesgnom-21\" target=\"_blank\" rel=\"nofollow noopener\"><img decoding=\"async\" class=\"telechargement alignnone\" title=\"Clic, Crac... C'est le loup ? - Jean Maubille\" src=\"http:\/\/ws-eu.amazon-adsystem.com\/widgets\/q?_encoding=UTF8&amp;ASIN=2211092284&amp;Format=_SL250_&amp;ID=AsinImage&amp;MarketPlace=FR&amp;ServiceVersion=20070822&amp;WS=1&amp;tag=laclasdesgnom-21\" alt=\"Clic, Crac... C'est le loup ? - Jean Maubille\" width=\"150\" height=\"184\" border=\"0\" \/><\/a><img decoding=\"async\" style=\"border: none !important;margin: 0px !important\" src=\"http:\/\/ir-fr.amazon-adsystem.com\/e\/ir?t=laclasdesgnom-21&amp;l=as2&amp;o=8&amp;a=2211092284\" alt=\"\" width=\"1\" height=\"1\" border=\"0\" \/> \u00a0<\/td>\n<td style=\"width: 90%;vertical-align: top\">\n<h3>Clic, Crac&#8230; C&rsquo;est le loup ? &#8211; Jean Maubille<\/h3>\n<p style=\"padding-left: 30px\"><a href=\"\/classedesgnomes\/wp-content\/uploads\/documents\/maternelle\/maya\/sac-a-album\/sac-album_clic-crac-cest-le-loup.pdf\"><img decoding=\"async\" class=\"illustration alignnone\" title=\"Sac \u00e0 album Clic, Crac... C'est le loup ?\" src=\"\/classedesgnomes\/wp-content\/uploads\/documents\/imagesite\/sac-album_pdf.png\" alt=\"Sac \u00e0 album Clic, Crac... C'est le loup ?\" width=\"178\" height=\"29\" \/><\/a><br \/>\n<a href=\"\/classedesgnomes\/wp-content\/uploads\/documents\/maternelle\/maya\/sac-a-album\/sac-album_clic-crac-cest-le-loup.docx\"><img decoding=\"async\" class=\"illustration alignnone\" title=\"Sac \u00e0 album Clic, Crac... C'est le loup ?\" src=\"\/classedesgnomes\/wp-content\/uploads\/documents\/imagesite\/sac-album_docx.png\" alt=\"Sac \u00e0 album Clic, Crac... C'est le loup ?\" width=\"178\" height=\"29\" \/><\/a> \u00a0<\/p>\n<\/td>\n<\/tr>\n<tr>\n<td style=\"width: 20%\"><a href=\"http:\/\/www.amazon.fr\/gp\/product\/2081207966\/ref=as_li_tl?ie=UTF8&amp;camp=1642&amp;creative=6746&amp;creativeASIN=2081207966&amp;linkCode=as2&amp;tag=laclasdesgnom-21\" target=\"_blank\" rel=\"nofollow noopener\"><img decoding=\"async\" class=\"telechargement alignnone\" title=\"Petit chat perdu - P\u00e8re Castor\" src=\"http:\/\/ws-eu.amazon-adsystem.com\/widgets\/q?_encoding=UTF8&amp;ASIN=2081207966&amp;Format=_SL250_&amp;ID=AsinImage&amp;MarketPlace=FR&amp;ServiceVersion=20070822&amp;WS=1&amp;tag=laclasdesgnom-21\" alt=\"Petit chat perdu - P\u00e8re Castor\" width=\"150\" height=\"208\" border=\"0\" \/><\/a><img decoding=\"async\" style=\"border: none !important;margin: 0px !important\" src=\"http:\/\/ir-fr.amazon-adsystem.com\/e\/ir?t=laclasdesgnom-21&amp;l=as2&amp;o=8&amp;a=2081207966\" alt=\"\" width=\"1\" height=\"1\" border=\"0\" \/> \u00a0<\/td>\n<td style=\"width: 90%;vertical-align: top\">\n<h3>Petit chat perdu &#8211; P\u00e8re Castor<\/h3>\n<p style=\"padding-left: 30px\"><a href=\"\/classedesgnomes\/wp-content\/uploads\/documents\/maternelle\/maya\/sac-a-album\/sac-album_petit-chat-perdu.pdf\"><img decoding=\"async\" class=\"illustration alignnone\" title=\"Sac \u00e0 album Petit chat perdu\" src=\"\/classedesgnomes\/wp-content\/uploads\/documents\/imagesite\/sac-album_pdf.png\" alt=\"Sac \u00e0 album Petit chat perdu\" width=\"178\" height=\"29\" \/><\/a><br \/>\n<a href=\"\/classedesgnomes\/wp-content\/uploads\/documents\/maternelle\/maya\/sac-a-album\/sac-album_petit-chat-perdu.docx\"><img decoding=\"async\" class=\"illustration alignnone\" title=\"Sac \u00e0 album Petit chat perdu\" src=\"\/classedesgnomes\/wp-content\/uploads\/documents\/imagesite\/sac-album_docx.png\" alt=\"Sac \u00e0 album Petit chat perdu\" width=\"178\" height=\"29\" \/><\/a><\/p>\n<\/td>\n<\/tr>\n<tr>\n<td style=\"width: 20%\"><a href=\"http:\/\/www.amazon.fr\/gp\/product\/2809701938\/ref=as_li_tl?ie=UTF8&amp;camp=1642&amp;creative=6746&amp;creativeASIN=2809701938&amp;linkCode=as2&amp;tag=laclasdesgnom-21\" target=\"_blank\" rel=\"nofollow noopener\"><img decoding=\"async\" class=\"telechargement alignnone\" title=\"Akiko la courageuse - Antoine Guillopp\u00e9\" src=\"http:\/\/ws-eu.amazon-adsystem.com\/widgets\/q?_encoding=UTF8&amp;ASIN=2809701938&amp;Format=_SL250_&amp;ID=AsinImage&amp;MarketPlace=FR&amp;ServiceVersion=20070822&amp;WS=1&amp;tag=laclasdesgnom-21\" alt=\"Akiko la courageuse - Antoine Guillopp\u00e9\" width=\"150\" height=\"208\" border=\"0\" \/><\/a><img decoding=\"async\" style=\"border: none !important;margin: 0px !important\" src=\"http:\/\/ir-fr.amazon-adsystem.com\/e\/ir?t=laclasdesgnom-21&amp;l=as2&amp;o=8&amp;a=2809701938\" alt=\"\" width=\"1\" height=\"1\" border=\"0\" \/> \u00a0<\/td>\n<td style=\"width: 90%;vertical-align: top\">\n<h3>Akiko la courageuse &#8211; Antoine Guillopp\u00e9<\/h3>\n<p style=\"padding-left: 30px\"><a href=\"\/classedesgnomes\/wp-content\/uploads\/documents\/maternelle\/maya\/sac-a-album\/sac-album_akiko-la-courageuse.pdf\"><img decoding=\"async\" class=\"illustration alignnone\" title=\"Sac \u00e0 album Akiko la courageuse\" src=\"\/classedesgnomes\/wp-content\/uploads\/documents\/imagesite\/sac-album_pdf.png\" alt=\"Sac \u00e0 album Akiko la courageuse\" width=\"178\" height=\"29\" \/><\/a><br \/>\n<a href=\"\/classedesgnomes\/wp-content\/uploads\/documents\/maternelle\/maya\/sac-a-album\/sac-album_akiko-la-courageuse.docx\"><img decoding=\"async\" class=\"illustration alignnone\" title=\"Sac \u00e0 album Akiko la courageuse\" src=\"\/classedesgnomes\/wp-content\/uploads\/documents\/imagesite\/sac-album_docx.png\" alt=\"Sac \u00e0 album Akiko la courageuse\" width=\"178\" height=\"29\" \/><\/a>\u00a0<\/p>\n<\/td>\n<\/tr>\n<tr>\n<td style=\"width: 20%\"><a href=\"http:\/\/www.amazon.fr\/gp\/product\/2211082777\/ref=as_li_tl?ie=UTF8&amp;camp=1642&amp;creative=19458&amp;creativeASIN=2211082777&amp;linkCode=as2&amp;tag=laclasdesgnom-21\" target=\"_blank\" rel=\"nofollow noopener\"><img decoding=\"async\" class=\"telechargement alignnone\" title=\"O\u00f9 je l'ai mis ? de Benoit Charlat\" src=\"http:\/\/ws-eu.amazon-adsystem.com\/widgets\/q?_encoding=UTF8&amp;ASIN=2211082777&amp;Format=_SL110_&amp;ID=AsinImage&amp;MarketPlace=FR&amp;ServiceVersion=20070822&amp;WS=1&amp;tag=laclasdesgnom-21\" alt=\"O\u00f9 je l'ai mis ? de Benoit Charlat\" width=\"150\" height=\"110\" border=\"0\" \/><\/a><img decoding=\"async\" style=\"border: none !important;margin: 0px !important\" src=\"http:\/\/ir-fr.amazon-adsystem.com\/e\/ir?t=laclasdesgnom-21&amp;l=as2&amp;o=8&amp;a=2211082777\" alt=\"\" width=\"1\" height=\"1\" border=\"0\" \/> \u00a0<\/td>\n<td style=\"width: 90%;vertical-align: top\">\n<h3>O\u00f9 je l&rsquo;ai mis ? &#8211; Benoit Charlat<\/h3>\n<p style=\"padding-left: 30px\"><a href=\"\/classedesgnomes\/wp-content\/uploads\/documents\/maternelle\/maya\/sac-a-album\/sac-album_ou-je-lai-mis.pdf\"><img decoding=\"async\" class=\"illustration alignnone\" title=\"Sac \u00e0 album O\u00f9 je l'ai mis ?\" src=\"\/classedesgnomes\/wp-content\/uploads\/documents\/imagesite\/sac-album_pdf.png\" alt=\"Sac \u00e0 album O\u00f9 je l'ai mis ?\" width=\"178\" height=\"29\" \/><\/a><br \/>\n<a href=\"\/classedesgnomes\/wp-content\/uploads\/documents\/maternelle\/maya\/sac-a-album\/sac-album_ou-je-lai-mis.docx\"><img decoding=\"async\" class=\"illustration alignnone\" title=\"Sac \u00e0 album O\u00f9 je l'ai mis ?\" src=\"\/classedesgnomes\/wp-content\/uploads\/documents\/imagesite\/sac-album_docx.png\" alt=\"Sac \u00e0 album O\u00f9 je l'ai mis ?\" width=\"178\" height=\"29\" \/><\/a><\/p>\n<\/td>\n<\/tr>\n<tr>\n<td style=\"width: 20%\"><a href=\"http:\/\/www.amazon.fr\/gp\/product\/2211094724\/ref=as_li_tl?ie=UTF8&amp;camp=1642&amp;creative=6746&amp;creativeASIN=2211094724&amp;linkCode=as2&amp;tag=laclasdesgnom-21\" target=\"_blank\" rel=\"nofollow noopener\"><img decoding=\"async\" class=\"telechargement alignnone\" title=\"La petite poule rousse, de Byron Barton\" src=\"http:\/\/ws-eu.amazon-adsystem.com\/widgets\/q?_encoding=UTF8&amp;ASIN=2211094724&amp;Format=_SL250_&amp;ID=AsinImage&amp;MarketPlace=FR&amp;ServiceVersion=20070822&amp;WS=1&amp;tag=laclasdesgnom-21\" alt=\"La petite poule rousse, de Byron Barton\" width=\"150\" height=\"208\" border=\"0\" \/><\/a><img decoding=\"async\" style=\"border: none !important;margin: 0px !important\" src=\"http:\/\/ir-fr.amazon-adsystem.com\/e\/ir?t=laclasdesgnom-21&amp;l=as2&amp;o=8&amp;a=2211094724\" alt=\"\" width=\"1\" height=\"1\" border=\"0\" \/><\/td>\n<td style=\"width: 90%;vertical-align: top\">\n<h3>La petite poule rousse &#8211; Byron Barton<\/h3>\n<p style=\"padding-left: 30px\"><a href=\"\/classedesgnomes\/wp-content\/uploads\/documents\/maternelle\/maya\/sac-a-album\/sac-album_poule-rousse.pdf\"><img decoding=\"async\" class=\"illustration alignnone\" title=\"Sac \u00e0 album La petite poule rousse\" src=\"\/classedesgnomes\/wp-content\/uploads\/documents\/imagesite\/sac-album_pdf.png\" alt=\"Sac \u00e0 album La petite poule rousse\" width=\"178\" height=\"29\" \/><\/a><br \/>\n<a href=\"\/classedesgnomes\/wp-content\/uploads\/documents\/maternelle\/maya\/sac-a-album\/sac-album_poule-rousse.docx\"><img decoding=\"async\" class=\"illustration alignnone\" title=\"Sac \u00e0 album La petite poule rousse\" src=\"\/classedesgnomes\/wp-content\/uploads\/documents\/imagesite\/sac-album_docx.png\" alt=\"Sac \u00e0 album La petite poule rousse\" width=\"178\" height=\"29\" \/><\/a><\/p>\n<\/td>\n<\/tr>\n<tr>\n<td style=\"width: 20%\"><a href=\"http:\/\/www.amazon.fr\/gp\/product\/2211057284\/ref=as_li_tl?ie=UTF8&amp;camp=1642&amp;creative=6746&amp;creativeASIN=2211057284&amp;linkCode=as2&amp;tag=laclasdesgnom-21\" target=\"_blank\" rel=\"nofollow noopener\"><img decoding=\"async\" class=\"telechargement alignnone\" title=\"Coucou !, de Jeanne Ashb\u00e9\" src=\"http:\/\/ws-eu.amazon-adsystem.com\/widgets\/q?_encoding=UTF8&amp;ASIN=2211057284&amp;Format=_SL250_&amp;ID=AsinImage&amp;MarketPlace=FR&amp;ServiceVersion=20070822&amp;WS=1&amp;tag=laclasdesgnom-21\" alt=\"Coucou !, de Jeanne Ashb\u00e9\" width=\"150\" height=\"170\" border=\"0\" \/><\/a><img decoding=\"async\" style=\"border: none !important;margin: 0px !important\" src=\"http:\/\/ir-fr.amazon-adsystem.com\/e\/ir?t=laclasdesgnom-21&amp;l=as2&amp;o=8&amp;a=2211057284\" alt=\"\" width=\"1\" height=\"1\" border=\"0\" \/><\/td>\n<td style=\"width: 90%;vertical-align: top\">\n<h3>Coucou ! &#8211; Jeanne Ashb\u00e9<\/h3>\n<p style=\"padding-left: 30px\"><a href=\"\/classedesgnomes\/wp-content\/uploads\/documents\/maternelle\/maya\/sac-a-album\/sac-album_coucou.pdf\"><img decoding=\"async\" class=\"illustration alignnone\" title=\"Sac \u00e0 album Coucou !\" src=\"\/classedesgnomes\/wp-content\/uploads\/documents\/imagesite\/sac-album_pdf.png\" alt=\"Sac \u00e0 album Coucou !\" width=\"178\" height=\"29\" \/><\/a><br \/>\n<a href=\"\/classedesgnomes\/wp-content\/uploads\/documents\/maternelle\/maya\/sac-a-album\/sac-album_coucou.docx\"><img decoding=\"async\" class=\"illustration alignnone\" title=\"Sac \u00e0 album Coucou !\" src=\"\/classedesgnomes\/wp-content\/uploads\/documents\/imagesite\/sac-album_docx.png\" alt=\"Sac \u00e0 album Coucou !\" width=\"178\" height=\"29\" \/><\/a><\/p>\n<\/td>\n<\/tr>\n<tr>\n<td style=\"width: 20%\"><a href=\"http:\/\/www.amazon.fr\/gp\/product\/2877671720\/ref=as_li_tl?ie=UTF8&amp;camp=1642&amp;creative=6746&amp;creativeASIN=2877671720&amp;linkCode=as2&amp;tag=laclasdesgnom-21\" target=\"_blank\" rel=\"nofollow noopener\"><img decoding=\"async\" class=\"telechargement alignnone\" title=\"Va-t'en, Grand Monstre Vert !, de Ed Emberley\" src=\"http:\/\/ws-eu.amazon-adsystem.com\/widgets\/q?_encoding=UTF8&amp;ASIN=2877671720&amp;Format=_SL250_&amp;ID=AsinImage&amp;MarketPlace=FR&amp;ServiceVersion=20070822&amp;WS=1&amp;tag=laclasdesgnom-21\" alt=\"Va-t'en, Grand Monstre Vert !, de Ed Emberley\" width=\"150\" height=\"208\" border=\"0\" \/><\/a><img decoding=\"async\" style=\"border: none !important;margin: 0px !important\" src=\"http:\/\/ir-fr.amazon-adsystem.com\/e\/ir?t=laclasdesgnom-21&amp;l=as2&amp;o=8&amp;a=2877671720\" alt=\"\" width=\"1\" height=\"1\" border=\"0\" \/><\/td>\n<td style=\"width: 90%;vertical-align: top\">\n<h3>Va-t&rsquo;en, Grand Monstre Vert ! &#8211; Ed Emberley<\/h3>\n<p style=\"padding-left: 30px\"><a href=\"\/classedesgnomes\/wp-content\/uploads\/documents\/maternelle\/maya\/sac-a-album\/sac-album_grand-monstre-vert.pdf\"><img decoding=\"async\" class=\"illustration alignnone\" title=\"Sac \u00e0 album Va-t'en, Grand Monstre Vert !\" src=\"\/classedesgnomes\/wp-content\/uploads\/documents\/imagesite\/sac-album_pdf.png\" alt=\"Sac \u00e0 album Va-t'en, Grand Monstre Vert !\" width=\"178\" height=\"29\" \/><\/a><br \/>\n<a href=\"\/classedesgnomes\/wp-content\/uploads\/documents\/maternelle\/maya\/sac-a-album\/sac-album_grand-monstre-vert.docx\"><img decoding=\"async\" class=\"illustration alignnone\" title=\"Sac \u00e0 album Va-t'en, Grand Monstre Vert !\" src=\"\/classedesgnomes\/wp-content\/uploads\/documents\/imagesite\/sac-album_docx.png\" alt=\"Sac \u00e0 album Va-t'en, Grand Monstre Vert !\" width=\"178\" height=\"29\" \/><\/a><\/p>\n<\/td>\n<\/tr>\n<tr>\n<td style=\"width: 20%\">\u00a0<a href=\"http:\/\/www.amazon.fr\/gp\/product\/2070620239\/ref=as_li_tl?ie=UTF8&amp;camp=1642&amp;creative=6746&amp;creativeASIN=2070620239&amp;linkCode=as2&amp;tag=laclasdesgnom-21\" target=\"_blank\" rel=\"nofollow noopener\"><img decoding=\"async\" class=\"telechargement alignnone\" title=\"Estelle b\u00e9b\u00e9 coccinelle, d'Antoon Krings\" src=\"http:\/\/ws-eu.amazon-adsystem.com\/widgets\/q?_encoding=UTF8&amp;ASIN=2070620239&amp;Format=_SL250_&amp;ID=AsinImage&amp;MarketPlace=FR&amp;ServiceVersion=20070822&amp;WS=1&amp;tag=laclasdesgnom-21\" alt=\"Estelle b\u00e9b\u00e9 coccinelle, d'Antoon Krings\" width=\"150\" height=\"208\" border=\"0\" \/><\/a><img decoding=\"async\" style=\"border: none !important;margin: 0px !important\" src=\"http:\/\/ir-fr.amazon-adsystem.com\/e\/ir?t=laclasdesgnom-21&amp;l=as2&amp;o=8&amp;a=2070620239\" alt=\"\" width=\"1\" height=\"1\" border=\"0\" \/><\/td>\n<td style=\"width: 90%;vertical-align: top\">\n<h3>Estelle B\u00e9b\u00e9 coccinelle &#8211; Antoon Krings<\/h3>\n<p style=\"padding-left: 30px\"><a href=\"\/classedesgnomes\/wp-content\/uploads\/documents\/maternelle\/maya\/sac-a-album\/sac-album_estelle-bebe-coccinelle.pdf\"><img decoding=\"async\" class=\"illustration alignnone\" title=\"Sac \u00e0 album Estelle b\u00e9b\u00e9 coccinelle\" src=\"\/classedesgnomes\/wp-content\/uploads\/documents\/imagesite\/sac-album_pdf.png\" alt=\"Sac \u00e0 album Estelle b\u00e9b\u00e9 coccinelle\" width=\"178\" height=\"29\" \/><\/a><br \/>\n<a href=\"\/classedesgnomes\/wp-content\/uploads\/documents\/maternelle\/maya\/sac-a-album\/sac-album_estelle-bebe-coccinelle.docx\"><img decoding=\"async\" class=\"illustration alignnone\" title=\"Sac \u00e0 album Estelle b\u00e9b\u00e9 coccinelle\" src=\"\/classedesgnomes\/wp-content\/uploads\/documents\/imagesite\/sac-album_docx.png\" alt=\"Sac \u00e0 album Estelle b\u00e9b\u00e9 coccinelle\" width=\"178\" height=\"29\" \/><\/a><\/p>\n<\/td>\n<\/tr>\n<tr>\n<td style=\"width: 20%\"><a href=\"https:\/\/www.amazon.fr\/Petit-Poisson-blanc-Guido-Genechten\/dp\/2871428069\/ref=as_li_ss_il?ie=UTF8&amp;qid=1472051743&amp;sr=8-2&amp;keywords=Petit+poisson+blanc&amp;linkCode=li1&amp;tag=laclasdesgnom-21&amp;linkId=18325f7f3305ae4021849743a112bd48\" target=\"_blank\" rel=\"noopener\"><img decoding=\"async\" class=\"telechargement alignnone\" title=\"Petit poisson blanc - Guido Genechten\" src=\"\/\/ws-eu.amazon-adsystem.com\/widgets\/q?_encoding=UTF8&amp;ASIN=2871428069&amp;Format=_SL110_&amp;ID=AsinImage&amp;MarketPlace=FR&amp;ServiceVersion=20070822&amp;WS=1&amp;tag=laclasdesgnom-21\" alt=\"Petit poisson blanc - Guido Genechten\" width=\"150\" height=\"154\" border=\"0\" \/><\/a><img decoding=\"async\" style=\"border: none !important;margin: 0px !important\" src=\"https:\/\/ir-fr.amazon-adsystem.com\/e\/ir?t=laclasdesgnom-21&amp;l=li1&amp;o=8&amp;a=2871428069\" alt=\"\" width=\"1\" height=\"1\" border=\"0\" \/><\/td>\n<td style=\"width: 90%;vertical-align: top\">\n<h3>Petit poisson blanc &#8211; Guido Van Genechten<\/h3>\n<p style=\"padding-left: 30px\"><a href=\"\/classedesgnomes\/wp-content\/uploads\/documents\/maternelle\/maya\/sac-a-album\/sac-album_Petit-poisson-blanc.pdf\" target=\"_blank\" rel=\"noopener\"><img decoding=\"async\" class=\"illustration alignnone\" title=\"Sac \u00e0 album Petit poisson blanc\" src=\"\/classedesgnomes\/wp-content\/uploads\/documents\/imagesite\/sac-album_pdf.png\" alt=\"Sac \u00e0 album Petit poisson blanc\" width=\"178\" height=\"29\" \/><\/a><br \/>\n<a href=\"\/classedesgnomes\/wp-content\/uploads\/documents\/maternelle\/maya\/sac-a-album\/sac-album_Petit-poisson-blanc.docx\" target=\"_blank\" rel=\"noopener\"><img decoding=\"async\" class=\"illustration alignnone\" title=\"Sac \u00e0 album Petit poisson blanc\" src=\"\/classedesgnomes\/wp-content\/uploads\/documents\/imagesite\/sac-album_docx.png\" alt=\"Sac \u00e0 album Petit poisson blanc\" width=\"178\" height=\"29\" \/><\/a><\/p>\n<\/td>\n<\/tr>\n<tr>\n<td style=\"width: 20%\"><a href=\"https:\/\/www.amazon.fr\/petits-chats-savaient-compter-jusqu%C3%A0\/dp\/2211087094\/ref=as_li_ss_il?ie=UTF8&amp;qid=1472052202&amp;sr=8-1&amp;keywords=1+2+3+petits+chats+qui+savaient+compter&amp;linkCode=li1&amp;tag=laclasdesgnom-21&amp;linkId=f9eddb8032693b2ce2ecf0236c58aec5\" target=\"_blank\" rel=\"noopener\"><img decoding=\"async\" class=\"telechargement alignnone\" title=\"Sac \u00e0 album 1 2 3 petits chats qui savaient compter\" src=\"\/\/ws-eu.amazon-adsystem.com\/widgets\/q?_encoding=UTF8&amp;ASIN=2211087094&amp;Format=_SL110_&amp;ID=AsinImage&amp;MarketPlace=FR&amp;ServiceVersion=20070822&amp;WS=1&amp;tag=laclasdesgnom-21\" alt=\"Sac \u00e0 album 1 2 3 petits chats qui savaient compter\" width=\"150\" height=\"190\" border=\"0\" \/><\/a><img decoding=\"async\" style=\"border: none !important;margin: 0px !important\" src=\"https:\/\/ir-fr.amazon-adsystem.com\/e\/ir?t=laclasdesgnom-21&amp;l=li1&amp;o=8&amp;a=2211087094\" alt=\"\" width=\"1\" height=\"1\" border=\"0\" \/><\/td>\n<td style=\"width: 90%;vertical-align: top\">\n<h3>1 2 3 petits chats qui savaient compter jusqu&rsquo;\u00e0 3 &#8211; Michel Van Zeveren<\/h3>\n<p style=\"padding-left: 30px\"><a href=\"\/classedesgnomes\/wp-content\/uploads\/documents\/maternelle\/maya\/sac-a-album\/sac-album_123-petits-chats-qui-savaient-compter.pdf\" target=\"_blank\" rel=\"noopener\"><img decoding=\"async\" class=\"illustration alignnone\" title=\"Sac \u00e0 album 1 2 3 petits chats qui savaient compter jusqu'\u00e0 3\" src=\"\/classedesgnomes\/wp-content\/uploads\/documents\/imagesite\/sac-album_pdf.png\" alt=\"Sac \u00e0 album 1 2 3 petits chats qui savaient compter jusqu'\u00e0 3\" width=\"178\" height=\"29\" \/><\/a><br \/>\n<img decoding=\"async\" class=\"illustration alignnone\" title=\"Sac \u00e0 album 1 2 3 petits chats qui savaient compter jusqu'\u00e0 3\" src=\"\/classedesgnomes\/wp-content\/uploads\/documents\/imagesite\/sac-album_docx.png\" alt=\"Sac \u00e0 album 1 2 3 petits chats qui savaient compter jusqu'\u00e0 3\" width=\"178\" height=\"29\" \/><\/p>\n<\/td>\n<\/tr>\n<tr>\n<td style=\"width: 20%\"><a href=\"https:\/\/www.amazon.fr\/Aboie-Georges-Jules-Feiffer\/dp\/2211057187\/ref=as_li_ss_il?_encoding=UTF8&amp;qid=1472052500&amp;sr=8-1&amp;linkCode=li1&amp;tag=laclasdesgnom-21&amp;linkId=5b1f074571c10c1fa650070d81ceebde\" target=\"_blank\" rel=\"noopener\"><img decoding=\"async\" class=\"telechargement alignnone\" title=\"Sac \u00e0 album Aboie Georges\" src=\"\/\/ws-eu.amazon-adsystem.com\/widgets\/q?_encoding=UTF8&amp;ASIN=2211057187&amp;Format=_SL110_&amp;ID=AsinImage&amp;MarketPlace=FR&amp;ServiceVersion=20070822&amp;WS=1&amp;tag=laclasdesgnom-21\" alt=\"Sac \u00e0 album Aboie Georges\" width=\"150\" height=\"117\" border=\"0\" \/><\/a><img decoding=\"async\" style=\"border: none !important;margin: 0px !important\" src=\"https:\/\/ir-fr.amazon-adsystem.com\/e\/ir?t=laclasdesgnom-21&amp;l=li1&amp;o=8&amp;a=2211057187\" alt=\"\" width=\"1\" height=\"1\" border=\"0\" \/><\/td>\n<td style=\"width: 90%;vertical-align: top\">\n<h3>Aboie Georges &#8211; Jules Feiffer<\/h3>\n<p style=\"padding-left: 30px\"><a href=\"\/classedesgnomes\/wp-content\/uploads\/documents\/maternelle\/maya\/sac-a-album\/sac-album_aboie-georges.pdf\" target=\"_blank\" rel=\"noopener\"><img decoding=\"async\" class=\"illustration alignnone\" title=\"Sac \u00e0 album Aboie Georges\" src=\"\/classedesgnomes\/wp-content\/uploads\/documents\/imagesite\/sac-album_pdf.png\" alt=\"Sac \u00e0 album Aboie Georges\" width=\"178\" height=\"29\" \/><\/a><br \/>\n<a href=\"\/classedesgnomes\/wp-content\/uploads\/documents\/maternelle\/maya\/sac-a-album\/sac-album_aboie-georges.docx\" target=\"_blank\" rel=\"noopener\"><img decoding=\"async\" class=\"illustration alignnone\" title=\"Sac \u00e0 album Aboie Georges\" src=\"\/classedesgnomes\/wp-content\/uploads\/documents\/imagesite\/sac-album_docx.png\" alt=\"Sac \u00e0 album Aboie Georges\" width=\"178\" height=\"29\" \/><\/a><\/p>\n<\/td>\n<\/tr>\n<tr>\n<td style=\"width: 20%\"><a href=\"https:\/\/www.amazon.fr\/TROIS-MOINS-FROID-Michel-Gay\/dp\/2211060773\/ref=as_li_ss_il?ie=UTF8&amp;qid=1472052937&amp;sr=8-1&amp;keywords=%C3%80+trois+on+a+moins+froid&amp;linkCode=li1&amp;tag=laclasdesgnom-21&amp;linkId=5f3087abb23b9aa92c46958aa52b9814\" target=\"_blank\" rel=\"noopener\"><img decoding=\"async\" class=\"telechargement alignnone\" title=\"Sac \u00e0 album \u00c0 trois on a moins froid\" src=\"\/\/ws-eu.amazon-adsystem.com\/widgets\/q?_encoding=UTF8&amp;ASIN=2211060773&amp;Format=_SL110_&amp;ID=AsinImage&amp;MarketPlace=FR&amp;ServiceVersion=20070822&amp;WS=1&amp;tag=laclasdesgnom-21\" alt=\"Sac \u00e0 album \u00c0 trois on a moins froid\" width=\"150\" height=\"158\" border=\"0\" \/><\/a><img decoding=\"async\" style=\"border: none !important;margin: 0px !important\" src=\"https:\/\/ir-fr.amazon-adsystem.com\/e\/ir?t=laclasdesgnom-21&amp;l=li1&amp;o=8&amp;a=2211060773\" alt=\"\" width=\"1\" height=\"1\" border=\"0\" \/><\/td>\n<td style=\"width: 90%;vertical-align: top\">\n<h3>\u00c0 trois on a moins froid &#8211; Michel Gay et Elsa Devernois<\/h3>\n<p style=\"padding-left: 30px\"><a href=\"\/classedesgnomes\/wp-content\/uploads\/documents\/maternelle\/maya\/sac-a-album\/sac-album_a-3-on-a-moins-froid.pdf\" target=\"_blank\" rel=\"noopener\"><img decoding=\"async\" class=\"illustration alignnone\" title=\"Sac \u00e0 album \u00c0 trois on a moins froid\" src=\"\/classedesgnomes\/wp-content\/uploads\/documents\/imagesite\/sac-album_pdf.png\" alt=\"Sac \u00e0 album \u00c0 trois on a moins froid\" width=\"178\" height=\"29\" \/><\/a><br \/>\n<a href=\"\/classedesgnomes\/wp-content\/uploads\/documents\/maternelle\/maya\/sac-a-album\/sac-album_a-3-on-a-moins-froid.docx\" target=\"_blank\" rel=\"noopener\"><img decoding=\"async\" class=\"illustration alignnone\" title=\"Sac \u00e0 album \u00c0 trois on a moins froid\" src=\"\/classedesgnomes\/wp-content\/uploads\/documents\/imagesite\/sac-album_docx.png\" alt=\"Sac \u00e0 album \u00c0 trois on a moins froid\" width=\"178\" height=\"29\" \/><\/a><\/p>\n<\/td>\n<\/tr>\n<tr>\n<td style=\"width: 20%\"><a href=\"https:\/\/www.amazon.fr\/Je-mhabille-je-te-croque\/dp\/2211055974\/ref=as_li_ss_il?_encoding=UTF8&amp;qid=1472053134&amp;sr=8-1&amp;linkCode=li1&amp;tag=laclasdesgnom-21&amp;linkId=893df7489b9e2aabc85159077dfcf515\" target=\"_blank\" rel=\"noopener\"><img decoding=\"async\" class=\"telechargement alignnone\" title=\"Sac \u00e0 album Je m'habille et je te croque\" src=\"\/\/ws-eu.amazon-adsystem.com\/widgets\/q?_encoding=UTF8&amp;ASIN=2211055974&amp;Format=_SL110_&amp;ID=AsinImage&amp;MarketPlace=FR&amp;ServiceVersion=20070822&amp;WS=1&amp;tag=laclasdesgnom-21\" alt=\"Sac \u00e0 album Je m'habille et je te croque\" width=\"150\" height=\"192\" border=\"0\" \/><\/a><img decoding=\"async\" style=\"border: none !important;margin: 0px !important\" src=\"https:\/\/ir-fr.amazon-adsystem.com\/e\/ir?t=laclasdesgnom-21&amp;l=li1&amp;o=8&amp;a=2211055974\" alt=\"\" width=\"1\" height=\"1\" border=\"0\" \/><\/td>\n<td style=\"width: 90%;vertical-align: top\">\n<h3>Je m&rsquo;habille et je te croque &#8211; B\u00e9n\u00e9dicte Guettier<\/h3>\n<p style=\"padding-left: 30px\"><a href=\"\/classedesgnomes\/wp-content\/uploads\/documents\/maternelle\/maya\/sac-a-album\/sac-album_je-mhabille-et-je-te-croque.pdf\" target=\"_blank\" rel=\"noopener\"><img decoding=\"async\" class=\"illustration alignnone\" title=\"Sac \u00e0 album Je m'habille et je te croque\" src=\"\/classedesgnomes\/wp-content\/uploads\/documents\/imagesite\/sac-album_pdf.png\" alt=\"Sac \u00e0 album Je m'habille et je te croque\" width=\"178\" height=\"29\" \/><\/a><br \/>\n<a href=\"\/classedesgnomes\/wp-content\/uploads\/documents\/maternelle\/maya\/sac-a-album\/sac-album_je-mhabille-et-je-te-croque.docx\" target=\"_blank\" rel=\"noopener\"><img decoding=\"async\" class=\"illustration alignnone\" title=\"Sac \u00e0 album Je m'habille et je te croque\" src=\"\/classedesgnomes\/wp-content\/uploads\/documents\/imagesite\/sac-album_docx.png\" alt=\"Sac \u00e0 album Je m'habille et je te croque\" width=\"178\" height=\"29\" \/><\/a><\/p>\n<\/td>\n<\/tr>\n<tr>\n<td style=\"width: 20%\"><a href=\"https:\/\/www.amazon.fr\/machin-St%C3%A9phane-Servant\/dp\/2278057111\/ref=as_li_ss_il?ie=UTF8&amp;qid=1472053269&amp;sr=8-2&amp;keywords=Le+machin&amp;linkCode=li1&amp;tag=laclasdesgnom-21&amp;linkId=51ca0d6fe9b4aa75a1dcd05ba3d6077b\" target=\"_blank\" rel=\"noopener\"><img decoding=\"async\" class=\"telechargement alignnone\" title=\"Sac \u00e0 album Le machin\" src=\"\/\/ws-eu.amazon-adsystem.com\/widgets\/q?_encoding=UTF8&amp;ASIN=2278057111&amp;Format=_SL110_&amp;ID=AsinImage&amp;MarketPlace=FR&amp;ServiceVersion=20070822&amp;WS=1&amp;tag=laclasdesgnom-21\" alt=\"Sac \u00e0 album Le machin\" width=\"150\" height=\"160\" border=\"0\" \/><\/a><img decoding=\"async\" style=\"border: none !important;margin: 0px !important\" src=\"https:\/\/ir-fr.amazon-adsystem.com\/e\/ir?t=laclasdesgnom-21&amp;l=li1&amp;o=8&amp;a=2278057111\" alt=\"\" width=\"1\" height=\"1\" border=\"0\" \/><\/td>\n<td style=\"width: 90%;vertical-align: top\">\n<h3>Le machin &#8211; St\u00e9phane Servant et C\u00e9cile Bonbon<\/h3>\n<p style=\"padding-left: 30px\"><a href=\"\/classedesgnomes\/wp-content\/uploads\/documents\/maternelle\/maya\/sac-a-album\/sac-album_le-machin.pdf\" target=\"_blank\" rel=\"noopener\"><img decoding=\"async\" class=\"illustration alignnone\" title=\"Sac \u00e0 album Le machin\" src=\"\/classedesgnomes\/wp-content\/uploads\/documents\/imagesite\/sac-album_pdf.png\" alt=\"Sac \u00e0 album Le machin\" width=\"178\" height=\"29\" \/><\/a><br \/>\n<a href=\"\/classedesgnomes\/wp-content\/uploads\/documents\/maternelle\/maya\/sac-a-album\/sac-album_le-machin.docx\" target=\"_blank\" rel=\"noopener\"><img decoding=\"async\" class=\"illustration alignnone\" title=\"Sac \u00e0 album Le machin\" src=\"\/classedesgnomes\/wp-content\/uploads\/documents\/imagesite\/sac-album_docx.png\" alt=\"Sac \u00e0 album Le machin\" width=\"178\" height=\"29\" \/><\/a><\/p>\n<\/td>\n<\/tr>\n<tr>\n<td style=\"width: 20%\"><a href=\"https:\/\/www.amazon.fr\/Pourquoi-tu-pleures-Michael-Escoffier\/dp\/2895406723\/ref=as_li_ss_il?ie=UTF8&amp;qid=1535880289&amp;sr=8-1&amp;keywords=pourquoi+tu+pleures&amp;linkCode=li2&amp;tag=laclasdesgnom-21&amp;linkId=9aa32c7beda8a787c749b023d6371ca4&amp;language=fr_FR\" target=\"_blank\" rel=\"noopener\"><img decoding=\"async\" class=\"telechargement alignnone\" title=\"Pourquoi tu pleures - Michel Escoffier\" src=\"\/\/ws-eu.amazon-adsystem.com\/widgets\/q?_encoding=UTF8&amp;ASIN=2895406723&amp;Format=_SL160_&amp;ID=AsinImage&amp;MarketPlace=FR&amp;ServiceVersion=20070822&amp;WS=1&amp;tag=laclasdesgnom-21&amp;language=fr_FR\" alt=\"Pourquoi tu pleures - Michel Escoffier\" width=\"150\" height=\"160\" border=\"0\" \/><\/a><img decoding=\"async\" style=\"border: none !important;margin: 0px !important\" src=\"https:\/\/ir-fr.amazon-adsystem.com\/e\/ir?t=laclasdesgnom-21&amp;language=fr_FR&amp;l=li2&amp;o=8&amp;a=2895406723\" alt=\"\" width=\"1\" height=\"1\" border=\"0\" \/><\/td>\n<td style=\"width: 90%;vertical-align: top\">\n<h3>Pourquoi tu pleures &#8211; Michel Escoffier<\/h3>\n<p style=\"padding-left: 30px\"><a href=\"\/classedesgnomes\/wp-content\/uploads\/documents\/maternelle\/maya\/sac-a-album\/sac-album_pourquoi-tu-pleures_escoffier.pdf\" target=\"_blank\" rel=\"noopener\"><img decoding=\"async\" class=\"illustration alignnone\" title=\"Pourquoi tu pleures - Michel Escoffier\" src=\"\/classedesgnomes\/wp-content\/uploads\/documents\/imagesite\/sac-album_pdf.png\" alt=\"Pourquoi tu pleures - Michel Escoffier\" width=\"178\" height=\"29\" \/><\/a><br \/>\n<a href=\"\/classedesgnomes\/wp-content\/uploads\/documents\/maternelle\/maya\/sac-a-album\/sac-album_pourquoi-tu-pleures_escoffier.docx\" target=\"_blank\" rel=\"noopener\"><img decoding=\"async\" class=\"illustration alignnone\" title=\"Pourquoi tu pleures - Michel Escoffier\" src=\"\/classedesgnomes\/wp-content\/uploads\/documents\/imagesite\/sac-album_docx.png\" alt=\"Pourquoi tu pleures - Michel Escoffier\" width=\"178\" height=\"29\" \/><\/a><\/p>\n<\/td>\n<\/tr>\n<tr>\n<td style=\"width: 20%\"><a href=\"https:\/\/www.amazon.fr\/Pourquoi-Alex-Sanders\/dp\/2211061052\/ref=as_li_ss_il?s=books&amp;ie=UTF8&amp;qid=1535880512&amp;sr=1-1&amp;keywords=pourquoi+sanders&amp;linkCode=li2&amp;tag=laclasdesgnom-21&amp;linkId=0704d512a211eaf7b03264b8495d0cf4&amp;language=fr_FR\" target=\"_blank\" rel=\"noopener\"><img decoding=\"async\" class=\"telechargement alignnone\" title=\"Pourquoi ? - Alex Sanders\" src=\"\/\/ws-eu.amazon-adsystem.com\/widgets\/q?_encoding=UTF8&amp;ASIN=2211061052&amp;Format=_SL160_&amp;ID=AsinImage&amp;MarketPlace=FR&amp;ServiceVersion=20070822&amp;WS=1&amp;tag=laclasdesgnom-21&amp;language=fr_FR\" alt=\"Pourquoi ? - Alex Sanders\" width=\"150\" height=\"160\" border=\"0\" \/><\/a><img decoding=\"async\" style=\"border: none !important;margin: 0px !important\" src=\"https:\/\/ir-fr.amazon-adsystem.com\/e\/ir?t=laclasdesgnom-21&amp;language=fr_FR&amp;l=li2&amp;o=8&amp;a=2211061052\" alt=\"\" width=\"1\" height=\"1\" border=\"0\" \/><\/td>\n<td style=\"width: 90%;vertical-align: top\">\n<h3>Pourquoi &#8211; Alex Sanders<\/h3>\n<p style=\"padding-left: 30px\"><a href=\"\/classedesgnomes\/wp-content\/uploads\/documents\/maternelle\/maya\/sac-a-album\/sac-album_pourquoi_sanders.pdf\" target=\"_blank\" rel=\"noopener\"><img decoding=\"async\" class=\"illustration alignnone\" title=\"Pourquoi - Alex Sanders\" src=\"\/classedesgnomes\/wp-content\/uploads\/documents\/imagesite\/sac-album_pdf.png\" alt=\"Pourquoi - Alex Sanders\" width=\"178\" height=\"29\" \/><\/a><br \/>\n<a href=\"\/classedesgnomes\/wp-content\/uploads\/documents\/maternelle\/maya\/sac-a-album\/sac-album_pourquoi_sanders.docx\" target=\"_blank\" rel=\"noopener\"><img decoding=\"async\" class=\"illustration alignnone\" title=\"Pourquoi - Alex Sanders\" src=\"\/classedesgnomes\/wp-content\/uploads\/documents\/imagesite\/sac-album_docx.png\" alt=\"Pourquoi - Alex Sanders\" width=\"178\" height=\"29\" \/><\/a><\/p>\n<\/td>\n<\/tr>\n<tr>\n<td style=\"width: 20%\"><a href=\"https:\/\/www.amazon.fr\/livre-qui-dort-Vincent-Bourgeau\/dp\/2211219594\/ref=as_li_ss_il?_encoding=UTF8&amp;qid=1535880547&amp;sr=1-1&amp;linkCode=li2&amp;tag=laclasdesgnom-21&amp;linkId=cd5a0a145ac729bef4f9e96d4f0f395d&amp;language=fr_FR\" target=\"_blank\" rel=\"noopener\"><img decoding=\"async\" class=\"telechargement alignnone\" title=\"Le livre qui dort - C\u00e9dric Ramadier\" src=\"\/\/ws-eu.amazon-adsystem.com\/widgets\/q?_encoding=UTF8&amp;ASIN=2211219594&amp;Format=_SL160_&amp;ID=AsinImage&amp;MarketPlace=FR&amp;ServiceVersion=20070822&amp;WS=1&amp;tag=laclasdesgnom-21&amp;language=fr_FR\" alt=\"Le livre qui dort - C\u00e9dric Ramadier\" width=\"150\" height=\"160\" border=\"0\" \/><\/a><img decoding=\"async\" style=\"border: none !important;margin: 0px !important\" src=\"https:\/\/ir-fr.amazon-adsystem.com\/e\/ir?t=laclasdesgnom-21&amp;language=fr_FR&amp;l=li2&amp;o=8&amp;a=2211219594\" alt=\"\" width=\"1\" height=\"1\" border=\"0\" \/><\/td>\n<td style=\"width: 90%;vertical-align: top\">\n<h3>Le livre qui dort &#8211; C\u00e9dric Ramadier<\/h3>\n<p style=\"padding-left: 30px\"><a href=\"\/classedesgnomes\/wp-content\/uploads\/documents\/maternelle\/maya\/sac-a-album\/sac-album_le-livre-qui-dort_ramadier.pdf\" target=\"_blank\" rel=\"noopener\"><img decoding=\"async\" class=\"illustration alignnone\" title=\"Le livre qui dort - C\u00e9dric Ramadier\" src=\"\/classedesgnomes\/wp-content\/uploads\/documents\/imagesite\/sac-album_pdf.png\" alt=\"Le livre qui dort - C\u00e9dric Ramadier\" width=\"178\" height=\"29\" \/><\/a><br \/>\n<a href=\"\/classedesgnomes\/wp-content\/uploads\/documents\/maternelle\/maya\/sac-a-album\/sac-album_le-livre-qui-dort_ramadier.docx\" target=\"_blank\" rel=\"noopener\"><img decoding=\"async\" class=\"illustration alignnone\" title=\"Le livre qui dort - C\u00e9dric Ramadier\" src=\"\/classedesgnomes\/wp-content\/uploads\/documents\/imagesite\/sac-album_docx.png\" alt=\"Le livre qui dort - C\u00e9dric Ramadier\" width=\"178\" height=\"29\" \/><\/a><\/p>\n<\/td>\n<\/tr>\n<tr>\n<td style=\"width: 20%\"><a href=\"https:\/\/www.amazon.fr\/livre-Petit-Ours-Anthony-Browne\/dp\/2877678016\/ref=as_li_ss_il?s=books&amp;ie=UTF8&amp;qid=1535880643&amp;sr=1-1&amp;keywords=le+livre+de+petit+ours+browne&amp;linkCode=li2&amp;tag=laclasdesgnom-21&amp;linkId=d499bbf0f35596665f880bfe85ae78fc&amp;language=fr_FR\" target=\"_blank\" rel=\"noopener\"><img decoding=\"async\" class=\"telechargement alignnone\" title=\"Le livre de Petit Ours - Anthony Browne\" src=\"\/\/ws-eu.amazon-adsystem.com\/widgets\/q?_encoding=UTF8&amp;ASIN=2877678016&amp;Format=_SL160_&amp;ID=AsinImage&amp;MarketPlace=FR&amp;ServiceVersion=20070822&amp;WS=1&amp;tag=laclasdesgnom-21&amp;language=fr_FR\" alt=\"Le livre de Petit Ours - Anthony Browne\" width=\"150\" height=\"160\" border=\"0\" \/><\/a><img decoding=\"async\" style=\"border: none !important;margin: 0px !important\" src=\"https:\/\/ir-fr.amazon-adsystem.com\/e\/ir?t=laclasdesgnom-21&amp;language=fr_FR&amp;l=li2&amp;o=8&amp;a=2877678016\" alt=\"\" width=\"1\" height=\"1\" border=\"0\" \/><\/td>\n<td style=\"width: 90%;vertical-align: top\">\n<h3>Le livre de Petit Ours &#8211; Anthony Browne<\/h3>\n<p style=\"padding-left: 30px\"><a href=\"\/classedesgnomes\/wp-content\/uploads\/documents\/maternelle\/maya\/sac-a-album\/sac-album_le-livre-de-petit-ours_brown.pdf\" target=\"_blank\" rel=\"noopener\"><img decoding=\"async\" class=\"illustration alignnone\" title=\"Le livre de Petit Ours - Anthony Browne\" src=\"\/classedesgnomes\/wp-content\/uploads\/documents\/imagesite\/sac-album_pdf.png\" alt=\"Le livre de Petit Ours - Anthony Browne\" width=\"178\" height=\"29\" \/><\/a><br \/>\n<a href=\"\/classedesgnomes\/wp-content\/uploads\/documents\/maternelle\/maya\/sac-a-album\/sac-album_le-livre-de-petit-ours_brown.docx\" target=\"_blank\" rel=\"noopener\"><img decoding=\"async\" class=\"illustration alignnone\" title=\"Le livre de Petit Ours - Anthony Browne\" src=\"\/classedesgnomes\/wp-content\/uploads\/documents\/imagesite\/sac-album_docx.png\" alt=\"Le livre de Petit Ours - Anthony Browne\" width=\"178\" height=\"29\" \/><\/a><\/p>\n<\/td>\n<\/tr>\n<tr>\n<td style=\"width: 20%\"><a href=\"https:\/\/www.amazon.fr\/Juste-petit-bout-Emile-Jadoul\/dp\/2211081932\/ref=as_li_ss_il?s=books&amp;ie=UTF8&amp;qid=1535880674&amp;sr=1-1&amp;keywords=Juste+un+petit+bout&amp;linkCode=li2&amp;tag=laclasdesgnom-21&amp;linkId=78315cc21fab38e9516e18ab470dfeef&amp;language=fr_FR\" target=\"_blank\" rel=\"noopener\"><img decoding=\"async\" class=\"telechargement alignnone\" title=\"Juste un petit bout - Emile Jadoul\" src=\"\/\/ws-eu.amazon-adsystem.com\/widgets\/q?_encoding=UTF8&amp;ASIN=2211081932&amp;Format=_SL160_&amp;ID=AsinImage&amp;MarketPlace=FR&amp;ServiceVersion=20070822&amp;WS=1&amp;tag=laclasdesgnom-21&amp;language=fr_FR\" alt=\"Juste un petit bout - Emile Jadoul\" width=\"150\" height=\"160\" border=\"0\" \/><\/a><img decoding=\"async\" style=\"border: none !important;margin: 0px !important\" src=\"https:\/\/ir-fr.amazon-adsystem.com\/e\/ir?t=laclasdesgnom-21&amp;language=fr_FR&amp;l=li2&amp;o=8&amp;a=2211081932\" alt=\"\" width=\"1\" height=\"1\" border=\"0\" \/><\/td>\n<td style=\"width: 90%;vertical-align: top\">\n<h3>Juste un petit bout &#8211; Emile Jadoul<\/h3>\n<p style=\"padding-left: 30px\"><a href=\"\/classedesgnomes\/wp-content\/uploads\/documents\/maternelle\/maya\/sac-a-album\/sac-album_juste-un-petit-bout_jadoul.pdf\" target=\"_blank\" rel=\"noopener\"><img decoding=\"async\" class=\"illustration alignnone\" title=\"Juste un petit bout - Emile Jadoul\" src=\"\/classedesgnomes\/wp-content\/uploads\/documents\/imagesite\/sac-album_pdf.png\" alt=\"Juste un petit bout - Emile Jadoul\" width=\"178\" height=\"29\" \/><\/a><br \/>\n<a href=\"\/classedesgnomes\/wp-content\/uploads\/documents\/maternelle\/maya\/sac-a-album\/sac-album_juste-un-petit-bout_jadoul.docx\" target=\"_blank\" rel=\"noopener\"><img decoding=\"async\" class=\"illustration alignnone\" title=\"Juste un petit bout - Emile Jadoul\" src=\"\/classedesgnomes\/wp-content\/uploads\/documents\/imagesite\/sac-album_docx.png\" alt=\"Juste un petit bout - Emile Jadoul\" width=\"178\" height=\"29\" \/><\/a><\/p>\n<\/td>\n<\/tr>\n<\/tbody>\n<\/table>\n<p>&nbsp;<\/p>\n","protected":false},"excerpt":{"rendered":"<p>Une nouvelle contribution de ma coll\u00e8gue Maya : la pr\u00e9sentation des sacs \u00e0 albums qu&rsquo;elle a mis en place au printemps 2015.<a class=\"more-link\" href=\"https:\/\/www.anyssa.org\/classedesgnomes\/des-sacs-a-album-pour-des-tps-ps\/\">        &#x2192;<\/a><\/p>\n","protected":false},"author":2,"featured_media":9535,"comment_status":"open","ping_status":"open","sticky":false,"template":"","format":"standard","meta":{"jetpack_post_was_ever_published":false,"_jetpack_newsletter_access":"","_jetpack_dont_email_post_to_subs":true,"_jetpack_newsletter_tier_id":0,"_jetpack_memberships_contains_paywalled_content":false,"_jetpack_memberships_contains_paid_content":false,"footnotes":""},"categories":[866,762],"tags":[981,1031],"class_list":["entry","author-anyssa","has-excerpt","post-9526","post","type-post","status-publish","format-standard","has-post-thumbnail","category-albums-maternelle","category-albums-lire","tag-maya","tag-sacs-a-album"],"yoast_head":"<!-- This site is optimized with the Yoast SEO plugin v27.5 - https:\/\/yoast.com\/product\/yoast-seo-wordpress\/ -->\n<title>Des sacs \u00e0 album pour des TPS-PS ~ La Classe des gnomes<\/title>\n<meta name=\"description\" content=\"Une nouvelle contribution de ma coll\u00e8gue Maya : la pr\u00e9sentation des sacs \u00e0 albums qu&#039;elle a mis en place au printemps 2015.\" \/>\n<meta name=\"robots\" content=\"index, follow, max-snippet:-1, max-image-preview:large, max-video-preview:-1\" \/>\n<link rel=\"canonical\" href=\"https:\/\/www.anyssa.org\/classedesgnomes\/des-sacs-a-album-pour-des-tps-ps\/\" \/>\n<meta property=\"og:locale\" content=\"fr_FR\" \/>\n<meta property=\"og:type\" content=\"article\" \/>\n<meta property=\"og:title\" content=\"Des sacs \u00e0 album pour des TPS-PS ~ La Classe des gnomes\" \/>\n<meta property=\"og:description\" content=\"Une nouvelle contribution de ma coll\u00e8gue Maya : la pr\u00e9sentation des sacs \u00e0 albums qu&#039;elle a mis en place au printemps 2015.\" \/>\n<meta property=\"og:url\" content=\"https:\/\/www.anyssa.org\/classedesgnomes\/des-sacs-a-album-pour-des-tps-ps\/\" \/>\n<meta property=\"og:site_name\" content=\"La Classe des gnomes\" \/>\n<meta property=\"article:published_time\" content=\"2015-10-29T15:01:21+00:00\" \/>\n<meta property=\"article:modified_time\" content=\"2018-10-03T16:00:04+00:00\" \/>\n<meta property=\"og:image\" content=\"https:\/\/i1.wp.com\/www.anyssa.org\/classedesgnomes\/wp-content\/uploads\/2015\/10\/sac-album-entrouvert-200w.png?fit=200%2C165&ssl=1\" \/>\n\t<meta property=\"og:image:width\" content=\"200\" \/>\n\t<meta property=\"og:image:height\" content=\"165\" \/>\n\t<meta property=\"og:image:type\" content=\"image\/png\" \/>\n<meta name=\"author\" content=\"Anyssa\" \/>\n<meta name=\"twitter:card\" content=\"summary_large_image\" \/>\n<meta name=\"twitter:creator\" content=\"@Anyssa_SE\" \/>\n<meta name=\"twitter:site\" content=\"@Anyssa_SE\" \/>\n<meta name=\"twitter:label1\" content=\"\u00c9crit par\" \/>\n\t<meta name=\"twitter:data1\" content=\"Anyssa\" \/>\n\t<meta name=\"twitter:label2\" content=\"Dur\u00e9e de lecture estim\u00e9e\" \/>\n\t<meta name=\"twitter:data2\" content=\"3 minutes\" \/>\n<script type=\"application\/ld+json\" class=\"yoast-schema-graph\">{\"@context\":\"https:\\\/\\\/schema.org\",\"@graph\":[{\"@type\":\"Article\",\"@id\":\"https:\\\/\\\/www.anyssa.org\\\/classedesgnomes\\\/des-sacs-a-album-pour-des-tps-ps\\\/#article\",\"isPartOf\":{\"@id\":\"https:\\\/\\\/www.anyssa.org\\\/classedesgnomes\\\/des-sacs-a-album-pour-des-tps-ps\\\/\"},\"author\":{\"name\":\"Anyssa\",\"@id\":\"https:\\\/\\\/www.anyssa.org\\\/classedesgnomes\\\/#\\\/schema\\\/person\\\/239c912ae4cbab448627207cdde96371\"},\"headline\":\"Des sacs \u00e0 album pour des TPS-PS\",\"datePublished\":\"2015-10-29T15:01:21+00:00\",\"dateModified\":\"2018-10-03T16:00:04+00:00\",\"mainEntityOfPage\":{\"@id\":\"https:\\\/\\\/www.anyssa.org\\\/classedesgnomes\\\/des-sacs-a-album-pour-des-tps-ps\\\/\"},\"wordCount\":725,\"commentCount\":16,\"publisher\":{\"@id\":\"https:\\\/\\\/www.anyssa.org\\\/classedesgnomes\\\/#\\\/schema\\\/person\\\/239c912ae4cbab448627207cdde96371\"},\"image\":{\"@id\":\"https:\\\/\\\/www.anyssa.org\\\/classedesgnomes\\\/des-sacs-a-album-pour-des-tps-ps\\\/#primaryimage\"},\"thumbnailUrl\":\"https:\\\/\\\/i0.wp.com\\\/www.anyssa.org\\\/classedesgnomes\\\/wp-content\\\/uploads\\\/2015\\\/10\\\/sac-album-entrouvert-200w.png?fit=200%2C165&ssl=1\",\"keywords\":[\"Maya\",\"Sacs \u00e0 album\"],\"articleSection\":[\"Albums maternelle\",\"Lire des albums\"],\"inLanguage\":\"fr-FR\",\"potentialAction\":[{\"@type\":\"CommentAction\",\"name\":\"Comment\",\"target\":[\"https:\\\/\\\/www.anyssa.org\\\/classedesgnomes\\\/des-sacs-a-album-pour-des-tps-ps\\\/#respond\"]}]},{\"@type\":\"WebPage\",\"@id\":\"https:\\\/\\\/www.anyssa.org\\\/classedesgnomes\\\/des-sacs-a-album-pour-des-tps-ps\\\/\",\"url\":\"https:\\\/\\\/www.anyssa.org\\\/classedesgnomes\\\/des-sacs-a-album-pour-des-tps-ps\\\/\",\"name\":\"Des sacs \u00e0 album pour des TPS-PS ~ La Classe des gnomes\",\"isPartOf\":{\"@id\":\"https:\\\/\\\/www.anyssa.org\\\/classedesgnomes\\\/#website\"},\"primaryImageOfPage\":{\"@id\":\"https:\\\/\\\/www.anyssa.org\\\/classedesgnomes\\\/des-sacs-a-album-pour-des-tps-ps\\\/#primaryimage\"},\"image\":{\"@id\":\"https:\\\/\\\/www.anyssa.org\\\/classedesgnomes\\\/des-sacs-a-album-pour-des-tps-ps\\\/#primaryimage\"},\"thumbnailUrl\":\"https:\\\/\\\/i0.wp.com\\\/www.anyssa.org\\\/classedesgnomes\\\/wp-content\\\/uploads\\\/2015\\\/10\\\/sac-album-entrouvert-200w.png?fit=200%2C165&ssl=1\",\"datePublished\":\"2015-10-29T15:01:21+00:00\",\"dateModified\":\"2018-10-03T16:00:04+00:00\",\"description\":\"Une nouvelle contribution de ma coll\u00e8gue Maya : la pr\u00e9sentation des sacs \u00e0 albums qu'elle a mis en place au printemps 2015.\",\"breadcrumb\":{\"@id\":\"https:\\\/\\\/www.anyssa.org\\\/classedesgnomes\\\/des-sacs-a-album-pour-des-tps-ps\\\/#breadcrumb\"},\"inLanguage\":\"fr-FR\",\"potentialAction\":[{\"@type\":\"ReadAction\",\"target\":[\"https:\\\/\\\/www.anyssa.org\\\/classedesgnomes\\\/des-sacs-a-album-pour-des-tps-ps\\\/\"]}]},{\"@type\":\"ImageObject\",\"inLanguage\":\"fr-FR\",\"@id\":\"https:\\\/\\\/www.anyssa.org\\\/classedesgnomes\\\/des-sacs-a-album-pour-des-tps-ps\\\/#primaryimage\",\"url\":\"https:\\\/\\\/i0.wp.com\\\/www.anyssa.org\\\/classedesgnomes\\\/wp-content\\\/uploads\\\/2015\\\/10\\\/sac-album-entrouvert-200w.png?fit=200%2C165&ssl=1\",\"contentUrl\":\"https:\\\/\\\/i0.wp.com\\\/www.anyssa.org\\\/classedesgnomes\\\/wp-content\\\/uploads\\\/2015\\\/10\\\/sac-album-entrouvert-200w.png?fit=200%2C165&ssl=1\",\"width\":200,\"height\":165,\"caption\":\"Sac \u00e0 album\"},{\"@type\":\"BreadcrumbList\",\"@id\":\"https:\\\/\\\/www.anyssa.org\\\/classedesgnomes\\\/des-sacs-a-album-pour-des-tps-ps\\\/#breadcrumb\",\"itemListElement\":[{\"@type\":\"ListItem\",\"position\":1,\"name\":\"Accueil\",\"item\":\"https:\\\/\\\/www.anyssa.org\\\/classedesgnomes\\\/\"},{\"@type\":\"ListItem\",\"position\":2,\"name\":\"Des sacs \u00e0 album pour des TPS-PS\"}]},{\"@type\":\"WebSite\",\"@id\":\"https:\\\/\\\/www.anyssa.org\\\/classedesgnomes\\\/#website\",\"url\":\"https:\\\/\\\/www.anyssa.org\\\/classedesgnomes\\\/\",\"name\":\"La Classe des gnomes\",\"description\":\"Des ressources pour la maternelle et l&#039;\u00e9l\u00e9mentaire\",\"publisher\":{\"@id\":\"https:\\\/\\\/www.anyssa.org\\\/classedesgnomes\\\/#\\\/schema\\\/person\\\/239c912ae4cbab448627207cdde96371\"},\"potentialAction\":[{\"@type\":\"SearchAction\",\"target\":{\"@type\":\"EntryPoint\",\"urlTemplate\":\"https:\\\/\\\/www.anyssa.org\\\/classedesgnomes\\\/?s={search_term_string}\"},\"query-input\":{\"@type\":\"PropertyValueSpecification\",\"valueRequired\":true,\"valueName\":\"search_term_string\"}}],\"inLanguage\":\"fr-FR\"},{\"@type\":[\"Person\",\"Organization\"],\"@id\":\"https:\\\/\\\/www.anyssa.org\\\/classedesgnomes\\\/#\\\/schema\\\/person\\\/239c912ae4cbab448627207cdde96371\",\"name\":\"Anyssa\",\"image\":{\"@type\":\"ImageObject\",\"inLanguage\":\"fr-FR\",\"@id\":\"https:\\\/\\\/i0.wp.com\\\/www.anyssa.org\\\/classedesgnomes\\\/wp-content\\\/uploads\\\/2018\\\/09\\\/cropped-lutine_1_C02.jpg?fit=512%2C512&ssl=1\",\"url\":\"https:\\\/\\\/i0.wp.com\\\/www.anyssa.org\\\/classedesgnomes\\\/wp-content\\\/uploads\\\/2018\\\/09\\\/cropped-lutine_1_C02.jpg?fit=512%2C512&ssl=1\",\"contentUrl\":\"https:\\\/\\\/i0.wp.com\\\/www.anyssa.org\\\/classedesgnomes\\\/wp-content\\\/uploads\\\/2018\\\/09\\\/cropped-lutine_1_C02.jpg?fit=512%2C512&ssl=1\",\"width\":512,\"height\":512,\"caption\":\"Anyssa\"},\"logo\":{\"@id\":\"https:\\\/\\\/i0.wp.com\\\/www.anyssa.org\\\/classedesgnomes\\\/wp-content\\\/uploads\\\/2018\\\/09\\\/cropped-lutine_1_C02.jpg?fit=512%2C512&ssl=1\"},\"sameAs\":[\"http:\\\/\\\/www.anyssa.org\\\/classedesgnomes\\\/\"]}]}<\/script>\n<!-- \/ Yoast SEO plugin. -->","yoast_head_json":{"title":"Des sacs \u00e0 album pour des TPS-PS ~ La Classe des gnomes","description":"Une nouvelle contribution de ma coll\u00e8gue Maya : la pr\u00e9sentation des sacs \u00e0 albums qu'elle a mis en place au printemps 2015.","robots":{"index":"index","follow":"follow","max-snippet":"max-snippet:-1","max-image-preview":"max-image-preview:large","max-video-preview":"max-video-preview:-1"},"canonical":"https:\/\/www.anyssa.org\/classedesgnomes\/des-sacs-a-album-pour-des-tps-ps\/","og_locale":"fr_FR","og_type":"article","og_title":"Des sacs \u00e0 album pour des TPS-PS ~ La Classe des gnomes","og_description":"Une nouvelle contribution de ma coll\u00e8gue Maya : la pr\u00e9sentation des sacs \u00e0 albums qu'elle a mis en place au printemps 2015.","og_url":"https:\/\/www.anyssa.org\/classedesgnomes\/des-sacs-a-album-pour-des-tps-ps\/","og_site_name":"La Classe des gnomes","article_published_time":"2015-10-29T15:01:21+00:00","article_modified_time":"2018-10-03T16:00:04+00:00","og_image":[{"width":200,"height":165,"url":"https:\/\/i1.wp.com\/www.anyssa.org\/classedesgnomes\/wp-content\/uploads\/2015\/10\/sac-album-entrouvert-200w.png?fit=200%2C165&ssl=1","type":"image\/png"}],"author":"Anyssa","twitter_card":"summary_large_image","twitter_creator":"@Anyssa_SE","twitter_site":"@Anyssa_SE","twitter_misc":{"\u00c9crit par":"Anyssa","Dur\u00e9e de lecture estim\u00e9e":"3 minutes"},"schema":{"@context":"https:\/\/schema.org","@graph":[{"@type":"Article","@id":"https:\/\/www.anyssa.org\/classedesgnomes\/des-sacs-a-album-pour-des-tps-ps\/#article","isPartOf":{"@id":"https:\/\/www.anyssa.org\/classedesgnomes\/des-sacs-a-album-pour-des-tps-ps\/"},"author":{"name":"Anyssa","@id":"https:\/\/www.anyssa.org\/classedesgnomes\/#\/schema\/person\/239c912ae4cbab448627207cdde96371"},"headline":"Des sacs \u00e0 album pour des TPS-PS","datePublished":"2015-10-29T15:01:21+00:00","dateModified":"2018-10-03T16:00:04+00:00","mainEntityOfPage":{"@id":"https:\/\/www.anyssa.org\/classedesgnomes\/des-sacs-a-album-pour-des-tps-ps\/"},"wordCount":725,"commentCount":16,"publisher":{"@id":"https:\/\/www.anyssa.org\/classedesgnomes\/#\/schema\/person\/239c912ae4cbab448627207cdde96371"},"image":{"@id":"https:\/\/www.anyssa.org\/classedesgnomes\/des-sacs-a-album-pour-des-tps-ps\/#primaryimage"},"thumbnailUrl":"https:\/\/i0.wp.com\/www.anyssa.org\/classedesgnomes\/wp-content\/uploads\/2015\/10\/sac-album-entrouvert-200w.png?fit=200%2C165&ssl=1","keywords":["Maya","Sacs \u00e0 album"],"articleSection":["Albums maternelle","Lire des albums"],"inLanguage":"fr-FR","potentialAction":[{"@type":"CommentAction","name":"Comment","target":["https:\/\/www.anyssa.org\/classedesgnomes\/des-sacs-a-album-pour-des-tps-ps\/#respond"]}]},{"@type":"WebPage","@id":"https:\/\/www.anyssa.org\/classedesgnomes\/des-sacs-a-album-pour-des-tps-ps\/","url":"https:\/\/www.anyssa.org\/classedesgnomes\/des-sacs-a-album-pour-des-tps-ps\/","name":"Des sacs \u00e0 album pour des TPS-PS ~ La Classe des gnomes","isPartOf":{"@id":"https:\/\/www.anyssa.org\/classedesgnomes\/#website"},"primaryImageOfPage":{"@id":"https:\/\/www.anyssa.org\/classedesgnomes\/des-sacs-a-album-pour-des-tps-ps\/#primaryimage"},"image":{"@id":"https:\/\/www.anyssa.org\/classedesgnomes\/des-sacs-a-album-pour-des-tps-ps\/#primaryimage"},"thumbnailUrl":"https:\/\/i0.wp.com\/www.anyssa.org\/classedesgnomes\/wp-content\/uploads\/2015\/10\/sac-album-entrouvert-200w.png?fit=200%2C165&ssl=1","datePublished":"2015-10-29T15:01:21+00:00","dateModified":"2018-10-03T16:00:04+00:00","description":"Une nouvelle contribution de ma coll\u00e8gue Maya : la pr\u00e9sentation des sacs \u00e0 albums qu'elle a mis en place au printemps 2015.","breadcrumb":{"@id":"https:\/\/www.anyssa.org\/classedesgnomes\/des-sacs-a-album-pour-des-tps-ps\/#breadcrumb"},"inLanguage":"fr-FR","potentialAction":[{"@type":"ReadAction","target":["https:\/\/www.anyssa.org\/classedesgnomes\/des-sacs-a-album-pour-des-tps-ps\/"]}]},{"@type":"ImageObject","inLanguage":"fr-FR","@id":"https:\/\/www.anyssa.org\/classedesgnomes\/des-sacs-a-album-pour-des-tps-ps\/#primaryimage","url":"https:\/\/i0.wp.com\/www.anyssa.org\/classedesgnomes\/wp-content\/uploads\/2015\/10\/sac-album-entrouvert-200w.png?fit=200%2C165&ssl=1","contentUrl":"https:\/\/i0.wp.com\/www.anyssa.org\/classedesgnomes\/wp-content\/uploads\/2015\/10\/sac-album-entrouvert-200w.png?fit=200%2C165&ssl=1","width":200,"height":165,"caption":"Sac \u00e0 album"},{"@type":"BreadcrumbList","@id":"https:\/\/www.anyssa.org\/classedesgnomes\/des-sacs-a-album-pour-des-tps-ps\/#breadcrumb","itemListElement":[{"@type":"ListItem","position":1,"name":"Accueil","item":"https:\/\/www.anyssa.org\/classedesgnomes\/"},{"@type":"ListItem","position":2,"name":"Des sacs \u00e0 album pour des TPS-PS"}]},{"@type":"WebSite","@id":"https:\/\/www.anyssa.org\/classedesgnomes\/#website","url":"https:\/\/www.anyssa.org\/classedesgnomes\/","name":"La Classe des gnomes","description":"Des ressources pour la maternelle et l&#039;\u00e9l\u00e9mentaire","publisher":{"@id":"https:\/\/www.anyssa.org\/classedesgnomes\/#\/schema\/person\/239c912ae4cbab448627207cdde96371"},"potentialAction":[{"@type":"SearchAction","target":{"@type":"EntryPoint","urlTemplate":"https:\/\/www.anyssa.org\/classedesgnomes\/?s={search_term_string}"},"query-input":{"@type":"PropertyValueSpecification","valueRequired":true,"valueName":"search_term_string"}}],"inLanguage":"fr-FR"},{"@type":["Person","Organization"],"@id":"https:\/\/www.anyssa.org\/classedesgnomes\/#\/schema\/person\/239c912ae4cbab448627207cdde96371","name":"Anyssa","image":{"@type":"ImageObject","inLanguage":"fr-FR","@id":"https:\/\/i0.wp.com\/www.anyssa.org\/classedesgnomes\/wp-content\/uploads\/2018\/09\/cropped-lutine_1_C02.jpg?fit=512%2C512&ssl=1","url":"https:\/\/i0.wp.com\/www.anyssa.org\/classedesgnomes\/wp-content\/uploads\/2018\/09\/cropped-lutine_1_C02.jpg?fit=512%2C512&ssl=1","contentUrl":"https:\/\/i0.wp.com\/www.anyssa.org\/classedesgnomes\/wp-content\/uploads\/2018\/09\/cropped-lutine_1_C02.jpg?fit=512%2C512&ssl=1","width":512,"height":512,"caption":"Anyssa"},"logo":{"@id":"https:\/\/i0.wp.com\/www.anyssa.org\/classedesgnomes\/wp-content\/uploads\/2018\/09\/cropped-lutine_1_C02.jpg?fit=512%2C512&ssl=1"},"sameAs":["http:\/\/www.anyssa.org\/classedesgnomes\/"]}]}},"jetpack_featured_media_url":"https:\/\/i0.wp.com\/www.anyssa.org\/classedesgnomes\/wp-content\/uploads\/2015\/10\/sac-album-entrouvert-200w.png?fit=200%2C165&ssl=1","jetpack_likes_enabled":true,"jetpack-related-posts":[{"id":10291,"url":"https:\/\/www.anyssa.org\/classedesgnomes\/nouvelle-fournee-de-sacs-a-album-pour-la-rentree\/","url_meta":{"origin":9526,"position":0},"title":"Nouvelle fourn\u00e9e de sacs \u00e0 album pour la rentr\u00e9e","author":"Anyssa","date":"24 ao\u00fbt 2016","format":false,"excerpt":"Maya enrichit sa collection de sacs \u00e0 albums pour ses TPS-PS, avec six nouveaux albums.","rel":"","context":"Dans &quot;Mises \u00e0 jour&quot;","block_context":{"text":"Mises \u00e0 jour","link":"https:\/\/www.anyssa.org\/classedesgnomes\/mises-a-jour\/"},"img":{"alt_text":"Contribution","src":"https:\/\/i0.wp.com\/www.anyssa.org\/classedesgnomes\/wp-content\/uploads\/2014\/08\/poz-contribution.gif?resize=350%2C200","width":350,"height":200},"classes":[]},{"id":9835,"url":"https:\/\/www.anyssa.org\/classedesgnomes\/et-encore-des-sacs-a-albums\/","url_meta":{"origin":9526,"position":1},"title":"Et encore des sacs \u00e0 albums !","author":"Anyssa","date":"12 novembre 2015","format":false,"excerpt":"Maya enrichit sa collection de sacs \u00e0 albums pour ses TPS-PS, avec quatre nouveaux albums.","rel":"","context":"Dans &quot;Mises \u00e0 jour&quot;","block_context":{"text":"Mises \u00e0 jour","link":"https:\/\/www.anyssa.org\/classedesgnomes\/mises-a-jour\/"},"img":{"alt_text":"Contribution","src":"https:\/\/i0.wp.com\/www.anyssa.org\/classedesgnomes\/wp-content\/uploads\/2014\/08\/poz-contribution.gif?resize=350%2C200","width":350,"height":200},"classes":[]},{"id":10362,"url":"https:\/\/www.anyssa.org\/classedesgnomes\/compilation-de-minilivres\/","url_meta":{"origin":9526,"position":2},"title":"Compilation de minilivres","author":"Anyssa","date":"24 ao\u00fbt 2016","format":false,"excerpt":"Retrouvez dans cet article les minilivres cr\u00e9\u00e9s \u00e0 partir des albums que Maya et moi exploitons dans nos classes.","rel":"","context":"Dans &quot;Lire&quot;","block_context":{"text":"Lire","link":"https:\/\/www.anyssa.org\/classedesgnomes\/lire\/"},"img":{"alt_text":"Roule galette","src":"https:\/\/i0.wp.com\/www.anyssa.org\/classedesgnomes\/wp-content\/uploads\/2015\/01\/galette.jpg?resize=350%2C200","width":350,"height":200},"classes":[]},{"id":10887,"url":"https:\/\/www.anyssa.org\/classedesgnomes\/exploitation-dalbum-a-trois-on-a-moins-froid\/","url_meta":{"origin":9526,"position":3},"title":"Exploitation d&rsquo;album &#8211; \u00c0 trois on a moins froid (E. Duvernois et M. Gay)","author":"Anyssa","date":"22 janvier 2017","format":false,"excerpt":"L'exploitation p\u00e9dagogique d'un album pour les petits. A trois on a moins froid est une histoire d'entraide entre trois amis confront\u00e9s au froid hivernal.","rel":"","context":"Dans &quot;Albums maternelle&quot;","block_context":{"text":"Albums maternelle","link":"https:\/\/www.anyssa.org\/classedesgnomes\/maternelle\/langage\/albums-maternelle\/"},"img":{"alt_text":"A trois on a moins froid","src":"\/\/ws-eu.amazon-adsystem.com\/widgets\/q?_encoding=UTF8&ASIN=2211060773&Format=_SL160_&ID=AsinImage&MarketPlace=FR&ServiceVersion=20070822&WS=1&tag=laclasdesgnom-21","width":350,"height":200},"classes":[]},{"id":14095,"url":"https:\/\/www.anyssa.org\/classedesgnomes\/maternelle-noel-activites-decembre\/","url_meta":{"origin":9526,"position":4},"title":"Maternelle &#8211; No\u00ebl &#8211; Activit\u00e9s de d\u00e9cembre","author":"Anyssa","date":"28 novembre 2021","format":false,"excerpt":"Les activit\u00e9s de d\u00e9cembre sur le th\u00e8me de No\u00ebl : calendrier de l'avent, albums, sapin des mots, ateliers autonomes... et d'autres pistes !","rel":"","context":"Dans &quot;Albums maternelle&quot;","block_context":{"text":"Albums maternelle","link":"https:\/\/www.anyssa.org\/classedesgnomes\/maternelle\/langage\/albums-maternelle\/"},"img":{"alt_text":"","src":"https:\/\/i0.wp.com\/www.anyssa.org\/classedesgnomes\/wp-content\/uploads\/2012\/11\/pere-noel-poz_FB.png?fit=560%2C292&ssl=1&resize=350%2C200","width":350,"height":200,"srcset":"https:\/\/i0.wp.com\/www.anyssa.org\/classedesgnomes\/wp-content\/uploads\/2012\/11\/pere-noel-poz_FB.png?fit=560%2C292&ssl=1&resize=350%2C200 1x, https:\/\/i0.wp.com\/www.anyssa.org\/classedesgnomes\/wp-content\/uploads\/2012\/11\/pere-noel-poz_FB.png?fit=560%2C292&ssl=1&resize=525%2C300 1.5x"},"classes":[]},{"id":6136,"url":"https:\/\/www.anyssa.org\/classedesgnomes\/la-bonne-farce-de-e-battut-%e2%99%a6-les-ressources-ps-et-ms\/","url_meta":{"origin":9526,"position":5},"title":"La bonne farce, de E. Battut \u2666 Les ressources PS et MS","author":"Anyssa","date":"1 janvier 2014","format":false,"excerpt":"Cet album s\u2019adresse \u00e0 des \u00e9l\u00e8ves de cycle 1. J\u2019ai cr\u00e9\u00e9 des ressources \u00e0 destination des PS et des MS, niveaux dans lesquels je compte pr\u00e9senter ce livre lors de mes remplacements. Le personnage principal, la petite souris, est tr\u00e8s attachant pour des petits. Je mets en sc\u00e8ne l\u2019album avec\u2026","rel":"","context":"Dans &quot;Albums maternelle&quot;","block_context":{"text":"Albums maternelle","link":"https:\/\/www.anyssa.org\/classedesgnomes\/maternelle\/langage\/albums-maternelle\/"},"img":{"alt_text":"La bonne farce, de Eric Battut","src":"http:\/\/ws-eu.amazon-adsystem.com\/widgets\/q?_encoding=UTF8&ASIN=2278070800&Format=_SL250_&ID=AsinImage&MarketPlace=FR&ServiceVersion=20070822&WS=1&tag=laclasdesgnom-21","width":350,"height":200},"classes":[]}],"jetpack_sharing_enabled":true,"_links":{"self":[{"href":"https:\/\/www.anyssa.org\/classedesgnomes\/wp-json\/wp\/v2\/posts\/9526","targetHints":{"allow":["GET"]}}],"collection":[{"href":"https:\/\/www.anyssa.org\/classedesgnomes\/wp-json\/wp\/v2\/posts"}],"about":[{"href":"https:\/\/www.anyssa.org\/classedesgnomes\/wp-json\/wp\/v2\/types\/post"}],"author":[{"embeddable":true,"href":"https:\/\/www.anyssa.org\/classedesgnomes\/wp-json\/wp\/v2\/users\/2"}],"replies":[{"embeddable":true,"href":"https:\/\/www.anyssa.org\/classedesgnomes\/wp-json\/wp\/v2\/comments?post=9526"}],"version-history":[{"count":0,"href":"https:\/\/www.anyssa.org\/classedesgnomes\/wp-json\/wp\/v2\/posts\/9526\/revisions"}],"wp:featuredmedia":[{"embeddable":true,"href":"https:\/\/www.anyssa.org\/classedesgnomes\/wp-json\/wp\/v2\/media\/9535"}],"wp:attachment":[{"href":"https:\/\/www.anyssa.org\/classedesgnomes\/wp-json\/wp\/v2\/media?parent=9526"}],"wp:term":[{"taxonomy":"category","embeddable":true,"href":"https:\/\/www.anyssa.org\/classedesgnomes\/wp-json\/wp\/v2\/categories?post=9526"},{"taxonomy":"post_tag","embeddable":true,"href":"https:\/\/www.anyssa.org\/classedesgnomes\/wp-json\/wp\/v2\/tags?post=9526"}],"curies":[{"name":"wp","href":"https:\/\/api.w.org\/{rel}","templated":true}]}}