{"id":9285,"date":"2015-10-05T20:23:55","date_gmt":"2015-10-05T18:23:55","guid":{"rendered":"http:\/\/www.anyssa.org\/classedesgnomes\/?p=9285"},"modified":"2018-10-03T19:37:04","modified_gmt":"2018-10-03T17:37:04","slug":"des-chansons-pour-la-classe","status":"publish","type":"post","link":"https:\/\/www.anyssa.org\/classedesgnomes\/des-chansons-pour-la-classe\/","title":{"rendered":"Des chansons pour la classe"},"content":{"rendered":"<table style=\"width: 100%\">\n<tbody>\n<tr>\n<td style=\"width: 20%\"><img data-recalc-dims=\"1\" decoding=\"async\" class=\"illustration aligncenter wp-image-6590\" style=\"border-width: 0px;background-color: transparent\" title=\"poz-guitareC-200\" src=\"https:\/\/i0.wp.com\/www.anyssa.org\/classedesgnomes\/wp-content\/uploads\/2015\/02\/poz-guitareC-200.png?resize=113%2C180\" alt=\"poz-guitareC-200\" width=\"113\" height=\"180\" \/><\/td>\n<td style=\"text-align: justify;vertical-align: top\">\n<p>Retrouvez dans cet article les chansons que j&rsquo;ai, un jour, fait apprendre \u00e0 mes \u00e9l\u00e8ves.<\/p>\n<p>Je mets en t\u00e9l\u00e9chargement :<\/p>\n<ul>\n<li>les paroles aux formats pdf et publisher,<\/li>\n<li>les pistes audio au format mp3 (ou le lien vers la page amazon),<\/li>\n<li>des liens vers des vid\u00e9os YouTube, quand elles sont sympas.<\/li>\n<\/ul>\n<p>Pour t\u00e9l\u00e9charger les enregistrements mp3, faites un <em>clic droit<\/em> sur l&rsquo;ic\u00f4ne MP3 et s\u00e9lectionnez <em>Enregistrer la cible du lien sous<\/em>.<\/p>\n<\/td>\n<\/tr>\n<\/tbody>\n<\/table>\n<h2>Chansons sur l&rsquo;\u00e9cole<\/h2>\n<table style=\"width: 100%\">\n<tbody>\n<tr>\n<td>\n<h4><img decoding=\"async\" class=\"illustration alignnone\" title=\"Rentr\u00e9e des classes\" src=\"\/classedesgnomes\/wp-content\/uploads\/documents\/arts\/musique\/poz-cartable-bis.png\" alt=\"Rentr\u00e9e des classes\" width=\"58\" height=\"76\" \/><\/h4>\n<\/td>\n<td style=\"text-align: left\">\n<h4>C&rsquo;est la rentr\u00e9e des classes<\/h4>\n<p>Anny et Jean-Marc Versini<\/p>\n<\/td>\n<td style=\"width: 10%\">\n<p><a href=\"\/classedesgnomes\/wp-content\/uploads\/documents\/arts\/musique\/c-est-la-rentree-des-classes_versini_paroles.pdf\"><img data-recalc-dims=\"1\" decoding=\"async\" class=\"illustration alignnone\" title=\"C'est la rentr\u00e9e des classes - Anny et Jean-Marc Versini - paroles\" src=\"https:\/\/i0.wp.com\/www.anyssa.org\/classedesgnomes\/wp-content\/uploads\/2012\/05\/pdf50.png?resize=40%2C46\" alt=\"C'est la rentr\u00e9e des classes - Anny et Jean-Marc Versini - paroles\" width=\"40\" height=\"46\" \/><\/a><\/p>\n<\/td>\n<td style=\"width: 10%\"><a href=\"\/classedesgnomes\/wp-content\/uploads\/documents\/arts\/musique\/c-est-la-rentree-des-classes_versini_paroles.pub\"><img data-recalc-dims=\"1\" decoding=\"async\" class=\"illustration alignnone\" title=\"C'est la rentr\u00e9e des classes - Anny et Jean-Marc Versini - paroles\" src=\"https:\/\/i0.wp.com\/www.anyssa.org\/classedesgnomes\/wp-content\/uploads\/documents\/imagesite\/publisher48.png?resize=46%2C46\" alt=\"C'est la rentr\u00e9e des classes - Anny et Jean-Marc Versini - paroles\" width=\"46\" height=\"46\" \/><\/a><\/td>\n<td style=\"width: 10%\"><a href=\"http:\/\/www.amazon.fr\/gp\/product\/B005UPWJYK\/ref=as_li_tl?ie=UTF8&amp;camp=1642&amp;creative=19458&amp;creativeASIN=B005UPWJYK&amp;linkCode=as2&amp;tag=laclasdesgnom-21\"><img data-recalc-dims=\"1\" decoding=\"async\" class=\"alignnone\" title=\"C'est la rentr\u00e9e des classes - Anny et Jean-Marc Versini - mp3\" src=\"https:\/\/i0.wp.com\/www.anyssa.org\/classedesgnomes\/wp-content\/uploads\/documents\/imagesite\/mp3-48.png?resize=46%2C46\" alt=\"C'est la rentr\u00e9e des classes - Anny et Jean-Marc Versini - mp3\" width=\"46\" height=\"46\" \/><img decoding=\"async\" style=\"border: none !important;margin: 0px !important\" src=\"http:\/\/ir-fr.amazon-adsystem.com\/e\/ir?t=laclasdesgnom-21&amp;l=as2&amp;o=8&amp;a=B005UPWJYK\" alt=\"\" width=\"1\" height=\"1\" border=\"0\" \/><\/a><\/td>\n<td style=\"width: 10%\">\u00a0<\/td>\n<td style=\"width: 20%;text-align: left\"><a href=\"http:\/\/www.anyssa.org\/classedesgnomes\/comptine-illustree-pour-la-rentree\/\">Activit\u00e9 sur la chanson<\/a><\/td>\n<\/tr>\n<tr>\n<td>\n<h4><img decoding=\"async\" class=\"illustration alignnone\" title=\"Cartable\" src=\"\/classedesgnomes\/wp-content\/uploads\/documents\/arts\/musique\/poz-cartable2.png\" alt=\"Cartable\" width=\"80\" height=\"75\" \/><\/h4>\n<\/td>\n<td style=\"text-align: left\">\n<h4>Dans mon cartable<\/h4>\n<p>G\u00e9rard Billon-Tyrard<\/p>\n<\/td>\n<td style=\"width: 10%\">\n<p><a href=\"\/classedesgnomes\/wp-content\/uploads\/documents\/arts\/musique\/dans-mon-cartable-billon-tyrard_paroles.pdf\"><img data-recalc-dims=\"1\" decoding=\"async\" class=\"illustration alignnone\" title=\"Dans mon cartable - G\u00e9rard Byllon-Tirard - paroles\" src=\"https:\/\/i0.wp.com\/www.anyssa.org\/classedesgnomes\/wp-content\/uploads\/2012\/05\/pdf50.png?resize=40%2C46\" alt=\"Dans mon cartable - G\u00e9rard Byllon-Tirard - paroles\" width=\"40\" height=\"46\" \/><\/a><\/p>\n<\/td>\n<td style=\"width: 10%\">\n<p><a href=\"\/classedesgnomes\/wp-content\/uploads\/documents\/arts\/musique\/dans-mon-cartable-billon-tyrard_paroles.pub\"><img data-recalc-dims=\"1\" decoding=\"async\" class=\"illustration alignnone\" title=\"Dans mon cartable - G\u00e9rard Byllon-Tirard - paroles\" src=\"https:\/\/i0.wp.com\/www.anyssa.org\/classedesgnomes\/wp-content\/uploads\/documents\/imagesite\/publisher48.png?resize=46%2C46\" alt=\"Dans mon cartable - G\u00e9rard Byllon-Tirard - paroles\" width=\"46\" height=\"46\" \/><\/a><\/p>\n<\/td>\n<td style=\"width: 10%\"><a href=\"\/classedesgnomes\/wp-content\/uploads\/documents\/arts\/musique\/dans-mon-cartable-billon-tyrard_vocal.mp3\"><img data-recalc-dims=\"1\" decoding=\"async\" class=\"illustration alignnone\" title=\"Dans mon cartable - G\u00e9rard Byllon-Tirard - mp3\" src=\"https:\/\/i0.wp.com\/www.anyssa.org\/classedesgnomes\/wp-content\/uploads\/documents\/imagesite\/mp3-48.png?resize=46%2C46\" alt=\"Dans mon cartable - G\u00e9rard Byllon-Tirard - mp3\" width=\"46\" height=\"46\" \/><\/a><\/td>\n<td style=\"width: 10%\">\u00a0<\/td>\n<td style=\"width: 20%;text-align: left\">\u00a0<\/td>\n<\/tr>\n<tr>\n<td>\n<h4><img decoding=\"async\" class=\"illustration alignnone\" title=\"Cartable\" src=\"\/classedesgnomes\/wp-content\/uploads\/documents\/arts\/musique\/poz-cartable2.png\" alt=\"Cartable\" width=\"80\" height=\"75\" \/><\/h4>\n<\/td>\n<td style=\"text-align: left\">\n<h4>Chante, danse, farandole<\/h4>\n<p>G\u00e9rard Billon-Tyrard<\/p>\n<\/td>\n<td style=\"width: 10%\">\n<p><a href=\"\/classedesgnomes\/wp-content\/uploads\/documents\/arts\/musique\/chante-danse-farandole_merveille_paroles.pdf\"><img data-recalc-dims=\"1\" decoding=\"async\" class=\"illustration alignnone\" title=\"Chante, danse, farandole - paroles\" src=\"https:\/\/i0.wp.com\/www.anyssa.org\/classedesgnomes\/wp-content\/uploads\/2012\/05\/pdf50.png?resize=40%2C46\" alt=\"Chante, danse, farandole - paroles\" width=\"40\" height=\"46\" \/><\/a><\/p>\n<\/td>\n<td style=\"width: 10%\">\n<p><a href=\"\/classedesgnomes\/wp-content\/uploads\/documents\/arts\/musique\/chante-danse-farandole_merveille_paroles.pub\"><img data-recalc-dims=\"1\" decoding=\"async\" class=\"illustration alignnone\" title=\"Chante, danse, farandole - paroles\" src=\"https:\/\/i0.wp.com\/www.anyssa.org\/classedesgnomes\/wp-content\/uploads\/documents\/imagesite\/publisher48.png?resize=46%2C46\" alt=\"Chante, danse, farandole - paroles\" width=\"46\" height=\"46\" \/><\/a><\/p>\n<\/td>\n<td style=\"width: 10%\"><a href=\"\/classedesgnomes\/wp-content\/uploads\/documents\/arts\/musique\/chante-danse-farandole_christian-merveille.mp3\"><img data-recalc-dims=\"1\" decoding=\"async\" class=\"illustration alignnone\" title=\"Chante, danse, farandole- mp3\" src=\"https:\/\/i0.wp.com\/www.anyssa.org\/classedesgnomes\/wp-content\/uploads\/documents\/imagesite\/mp3-48.png?resize=46%2C46\" alt=\"Chante, danse, farandole- mp3\" width=\"46\" height=\"46\" \/><\/a><\/td>\n<td style=\"width: 10%\">\u00a0<\/td>\n<td style=\"width: 20%;text-align: left\">\u00a0<\/td>\n<\/tr>\n<\/tbody>\n<\/table>\n<h2>Chansons d&rsquo;automne<\/h2>\n<table style=\"width: 100%\">\n<tbody>\n<tr>\n<td>\n<h4><img decoding=\"async\" class=\"illustration alignnone\" title=\"L'automne en for\u00eat\" src=\"\/classedesgnomes\/wp-content\/uploads\/documents\/arts\/musique\/automne-coloriage-58.jpg\" alt=\"L'automne en for\u00eat\" width=\"58\" height=\"82\" \/><\/h4>\n<\/td>\n<td style=\"text-align: left\">\n<h4>C&rsquo;est monsieur l&rsquo;automne<\/h4>\n<p>Michel Agneray \/ Mr PoZ<\/p>\n<\/td>\n<td style=\"width: 10%\">\n<p><a href=\"\/classedesgnomes\/wp-content\/uploads\/documents\/arts\/musique\/cest-monsieur-lautomne_michel-agneray_paroles.pdf\"><img data-recalc-dims=\"1\" decoding=\"async\" class=\"illustration alignnone\" title=\"C'est monsieur l'automne - Michel Agneray - paroles\" src=\"https:\/\/i0.wp.com\/www.anyssa.org\/classedesgnomes\/wp-content\/uploads\/2012\/05\/pdf50.png?resize=40%2C46\" alt=\"C'est monsieur l'automne - Michel Agneray - paroles\" width=\"40\" height=\"46\" \/><\/a><\/p>\n<\/td>\n<td style=\"width: 10%\"><a href=\"\/classedesgnomes\/wp-content\/uploads\/documents\/arts\/musique\/cest-monsieur-lautomne_michel-agneray_paroles.pub\"><img data-recalc-dims=\"1\" decoding=\"async\" class=\"illustration alignnone\" title=\"C'est monsieur l'automne - Michel Agneray - paroles\" src=\"https:\/\/i0.wp.com\/www.anyssa.org\/classedesgnomes\/wp-content\/uploads\/documents\/imagesite\/publisher48.png?resize=46%2C46\" alt=\"C'est monsieur l'automne - Michel Agneray - paroles\" width=\"46\" height=\"46\" \/><\/a><\/td>\n<td style=\"width: 10%\"><a href=\"\/classedesgnomes\/wp-content\/uploads\/documents\/arts\/musique\/cest-monsieur-lautomne_michel-agneray_chant.mp3\"><img data-recalc-dims=\"1\" decoding=\"async\" class=\"illustration alignnone\" title=\"C'est monsieur l'automne - Michel Agneray - mp3\" src=\"https:\/\/i0.wp.com\/www.anyssa.org\/classedesgnomes\/wp-content\/uploads\/documents\/imagesite\/mp3-48.png?resize=46%2C46\" alt=\"C'est monsieur l'automne - Michel Agneray - mp3\" width=\"46\" height=\"46\" \/><\/a><\/td>\n<td style=\"width: 10%\">\u00a0<\/td>\n<td style=\"text-align: left\">Le compositeur Michel Agneray <a href=\"http:\/\/www.chansons-nettes.net\/cestmonsieurlautomne.html\">vend la partition musicale<\/a>. Mr PoZ l&rsquo;a adapt\u00e9e en une version chant\u00e9e.<\/td>\n<\/tr>\n<tr>\n<td>\n<h4><img decoding=\"async\" class=\"illustration alignnone\" title=\"vent\" src=\"\/classedesgnomes\/wp-content\/uploads\/documents\/arts\/musique\/vent01.jpg\" alt=\"vent\" width=\"80\" height=\"51\" \/><\/h4>\n<\/td>\n<td style=\"text-align: left\">\n<h4>Soufflez monsieur le vent<\/h4>\n<p>Michel Briant<\/p>\n<\/td>\n<td style=\"width: 10%\">\n<p><a href=\"\/classedesgnomes\/wp-content\/uploads\/documents\/arts\/musique\/soufflez-monsieur-le-vent_briant_paroles.pdf\"><img data-recalc-dims=\"1\" decoding=\"async\" class=\"illustration alignnone\" title=\"Soufflez monsieur le vent - Michel Briant - paroles\" src=\"https:\/\/i0.wp.com\/www.anyssa.org\/classedesgnomes\/wp-content\/uploads\/2012\/05\/pdf50.png?resize=40%2C46\" alt=\"Soufflez monsieur le vent - Michel Briant - paroles\" width=\"40\" height=\"46\" \/><\/a><\/p>\n<\/td>\n<td style=\"width: 10%\">\n<p><a href=\"\/classedesgnomes\/wp-content\/uploads\/documents\/arts\/musique\/soufflez-monsieur-le-vent_briant_paroles.pub\"><img data-recalc-dims=\"1\" decoding=\"async\" class=\"illustration alignnone\" title=\"Soufflez monsieur le vent - Michel Briant - paroles\" src=\"https:\/\/i0.wp.com\/www.anyssa.org\/classedesgnomes\/wp-content\/uploads\/documents\/imagesite\/publisher48.png?resize=46%2C46\" alt=\"Soufflez monsieur le vent - Michel Briant - paroles\" width=\"46\" height=\"46\" \/><\/a><\/p>\n<\/td>\n<td style=\"width: 10%\"><a href=\"\/classedesgnomes\/wp-content\/uploads\/documents\/arts\/musique\/monsieur-le-vent-michel-briant.mp3\"><img data-recalc-dims=\"1\" decoding=\"async\" class=\"illustration alignnone\" title=\"Soufflez monsieur le vent - Michel Briant - mp3\" src=\"https:\/\/i0.wp.com\/www.anyssa.org\/classedesgnomes\/wp-content\/uploads\/documents\/imagesite\/mp3-48.png?resize=46%2C46\" alt=\"Soufflez monsieur le vent - Michel Briant - mp3\" width=\"46\" height=\"46\" \/><\/a><\/td>\n<td style=\"width: 10%\">\u00a0<\/td>\n<td style=\"width: 20%;text-align: left\">\u00a0<\/td>\n<\/tr>\n<\/tbody>\n<\/table>\n<h2>Chansons de sorci\u00e8re<\/h2>\n<table style=\"width: 100%\">\n<tbody>\n<tr>\n<td>\n<h4><img decoding=\"async\" class=\"illustration alignnone\" title=\"Le chaudron de la sorci\u00e8re\" src=\"\/classedesgnomes\/wp-content\/uploads\/documents\/arts\/musique\/pozie-sorciere-chaudron.jpg\" alt=\"Le chaudron de la sorci\u00e8re\" width=\"58\" height=\"74\" \/><\/h4>\n<\/td>\n<td style=\"text-align: left\">\n<h4>La soupe de la sorci\u00e8re<\/h4>\n<p>Michel Briant<\/p>\n<\/td>\n<td style=\"width: 10%\">\n<p><img data-recalc-dims=\"1\" decoding=\"async\" class=\"illustration alignnone\" title=\"La soupe de la sorci-re - Michel Briant - paroles\" src=\"https:\/\/i0.wp.com\/www.anyssa.org\/classedesgnomes\/wp-content\/uploads\/2012\/05\/pdf50.png?resize=40%2C46\" alt=\"La soupe de la sorci-re - Michel Briant - paroles\" width=\"40\" height=\"46\" \/><\/p>\n<\/td>\n<td style=\"width: 10%\"><img data-recalc-dims=\"1\" decoding=\"async\" class=\"illustration alignnone\" title=\"La soupe de la sorci-re - Michel Briant - paroles\" src=\"https:\/\/i0.wp.com\/www.anyssa.org\/classedesgnomes\/wp-content\/uploads\/documents\/imagesite\/publisher48.png?resize=46%2C46\" alt=\"La soupe de la sorci-re - Michel Briant - paroles\" width=\"46\" height=\"46\" \/><\/td>\n<td style=\"width: 10%\"><a href=\"http:\/\/www.anyssa.org\/classedesgnomes\/wp-content\/uploads\/documents\/audio\/la-soupe-de-la-sorciere_briant.mp3\" target=\"_blank\" rel=\"noopener\"><img data-recalc-dims=\"1\" decoding=\"async\" class=\"illustration alignnone\" title=\"La soupe de la sorci-re - Michel Briant - mp3\" src=\"https:\/\/i0.wp.com\/www.anyssa.org\/classedesgnomes\/wp-content\/uploads\/documents\/imagesite\/mp3-48.png?resize=46%2C46\" alt=\"La soupe de la sorci-re - Michel Briant - mp3\" width=\"46\" height=\"46\" \/><\/a><\/td>\n<td style=\"width: 10%\"><a href=\"https:\/\/youtu.be\/hWw10Z7n_n4\" target=\"_blank\" rel=\"noopener\"><img data-recalc-dims=\"1\" decoding=\"async\" class=\"illustration alignnone\" title=\"La soupe de la sorci-re - Michel Briant - YouTube\" src=\"https:\/\/i0.wp.com\/www.anyssa.org\/classedesgnomes\/wp-content\/uploads\/documents\/imagesite\/youtube-48.png?resize=46%2C46\" alt=\"La soupe de la sorci-re - Michel Briant - YouTube\" width=\"46\" height=\"46\" \/><\/a><\/td>\n<td style=\"width: 20%\">\n<p style=\"text-align: left\"><a href=\"http:\/\/www.anyssa.org\/classedesgnomes\/la-soupe-de-la-sorciere-m-briant\/\">Activit\u00e9s sur la chanson<\/a><\/p>\n<\/td>\n<\/tr>\n<\/tbody>\n<\/table>\n<h2 style=\"text-align: left\">Chansons de No\u00ebl<\/h2>\n<table style=\"width: 100%\">\n<tbody>\n<tr>\n<td>\n<h4><img decoding=\"async\" class=\"illustration alignnone\" title=\"Petit gar\u00e7on - Graeme Allwright\" src=\"\/classedesgnomes\/wp-content\/uploads\/documents\/arts\/musique\/images-comptines-site\/petit-garcon.png\" alt=\"Petit gar\u00e7on - Graeme Allwright\" width=\"58\" height=\"80\" \/><\/h4>\n<\/td>\n<td style=\"text-align: left\">\n<h4>Petit gar\u00e7on<\/h4>\n<p>Graeme Allwright<\/p>\n<\/td>\n<td style=\"width: 10%\">\n<p><a title=\"Chant de No\u00ebl - Petit gar\u00e7on - paroles\" href=\"\/classedesgnomes\/wp-content\/uploads\/documents\/arts\/musique\/petit-garcon_paroles-A5.pdf\"><img data-recalc-dims=\"1\" decoding=\"async\" class=\"illustration alignnone\" title=\"Petit gar\u00e7on - Graeme Allwright - paroles\" src=\"https:\/\/i0.wp.com\/www.anyssa.org\/classedesgnomes\/wp-content\/uploads\/2012\/05\/pdf50.png?resize=40%2C46\" alt=\"Petit gar\u00e7on - Graeme Allwright - paroles\" width=\"40\" height=\"46\" \/><\/a><\/p>\n<\/td>\n<td style=\"width: 10%\"><a title=\"Chant de No\u00ebl - Petit gar\u00e7on - paroles\" href=\"\/classedesgnomes\/wp-content\/uploads\/documents\/arts\/musique\/petit-garcon_paroles-A5.pub\"><img data-recalc-dims=\"1\" decoding=\"async\" class=\"illustration alignnone\" title=\"Petit gar\u00e7on - Graeme Allwright - paroles\" src=\"https:\/\/i0.wp.com\/www.anyssa.org\/classedesgnomes\/wp-content\/uploads\/documents\/imagesite\/publisher48.png?resize=46%2C46\" alt=\"Petit gar\u00e7on - Graeme Allwright - paroles\" width=\"46\" height=\"46\" \/><\/a><\/td>\n<td style=\"width: 10%\"><a href=\"http:\/\/www.amazon.fr\/gp\/product\/B0025I9KLK\/ref=as_li_tl?ie=UTF8&amp;camp=1642&amp;creative=19458&amp;creativeASIN=B0025I9KLK&amp;linkCode=as2&amp;tag=laclasdesgnom-21\"><img data-recalc-dims=\"1\" decoding=\"async\" class=\"illustration alignnone\" title=\"Petit gar\u00e7on - Graeme Allwright - mp3\" src=\"https:\/\/i0.wp.com\/www.anyssa.org\/classedesgnomes\/wp-content\/uploads\/documents\/imagesite\/mp3-48.png?resize=46%2C46\" alt=\"Petit gar\u00e7on - Graeme Allwright - mp3\" width=\"46\" height=\"46\" \/><img decoding=\"async\" style=\"border: none !important;margin: 0px !important\" src=\"http:\/\/ir-fr.amazon-adsystem.com\/e\/ir?t=laclasdesgnom-21&amp;l=as2&amp;o=8&amp;a=B0025I9KLK\" alt=\"\" width=\"1\" height=\"1\" border=\"0\" \/><\/a><\/td>\n<td style=\"width: 10%\"><a title=\"Chant de No\u00ebl - Peti gar\u00e7on - vid\u00e9o Youtube\" href=\"http:\/\/youtu.be\/wl-mtTzZVjE?list=RDwl-mtTzZVjE\" target=\"_blank\" rel=\"noopener\"><img data-recalc-dims=\"1\" decoding=\"async\" class=\"illustration alignnone\" title=\"Petit gar\u00e7on - Graeme Allwright - YouTube\" src=\"https:\/\/i0.wp.com\/www.anyssa.org\/classedesgnomes\/wp-content\/uploads\/documents\/imagesite\/youtube-48.png?resize=46%2C46\" alt=\"Petit gar\u00e7on - Graeme Allwright - YouTube\" width=\"46\" height=\"46\" \/><\/a><\/td>\n<td style=\"width: 20%;text-align: left\">\u00a0<\/td>\n<\/tr>\n<tr>\n<td>\n<h4><img decoding=\"async\" class=\"illustration alignnone\" title=\"L'as-tu-vu\" src=\"\/classedesgnomes\/wp-content\/uploads\/documents\/arts\/musique\/images-comptines-site\/as-tu-vu.PNG\" alt=\"L'as-tu-vu\" width=\"80\" height=\"61\" \/><\/h4>\n<\/td>\n<td style=\"text-align: left\">\n<h4>L&rsquo;as-tu vu<\/h4>\n<\/td>\n<td style=\"width: 10%\">\n<p><a title=\"Chant de No\u00ebl - L'as-tu vu - paroles\" href=\"\/classedesgnomes\/wp-content\/uploads\/documents\/arts\/musique\/las-tu-vu_paroles-A5.pdf\"><img data-recalc-dims=\"1\" decoding=\"async\" class=\"illustration alignnone\" title=\"L'as-tu vu - paroles\" src=\"https:\/\/i0.wp.com\/www.anyssa.org\/classedesgnomes\/wp-content\/uploads\/2012\/05\/pdf50.png?resize=40%2C46\" alt=\"L'as-tu vu - paroles\" width=\"40\" height=\"46\" \/><\/a><\/p>\n<\/td>\n<td style=\"width: 10%\">\n<p><a title=\"Chant de No\u00ebl - L'as-tu vu - paroles\" href=\"\/classedesgnomes\/wp-content\/uploads\/documents\/arts\/musique\/las-tu-vu_paroles-A5.pub\"><img data-recalc-dims=\"1\" decoding=\"async\" class=\"illustration alignnone\" title=\"L'as-tu vu - paroles\" src=\"https:\/\/i0.wp.com\/www.anyssa.org\/classedesgnomes\/wp-content\/uploads\/documents\/imagesite\/publisher48.png?resize=46%2C46\" alt=\"L'as-tu vu - paroles\" width=\"46\" height=\"46\" \/><\/a><\/p>\n<\/td>\n<td style=\"width: 10%\"><a title=\"Chant de No\u00ebl - L'as-tu vu - audio\" href=\"\/classedesgnomes\/wp-content\/uploads\/documents\/audio\/comptines\/Las-tu%20vu_femme-musique.mp3\" target=\"_blank\" rel=\"noopener\"><img data-recalc-dims=\"1\" decoding=\"async\" class=\"illustration alignnone\" title=\"L'as-tu vu - mp3\" src=\"https:\/\/i0.wp.com\/www.anyssa.org\/classedesgnomes\/wp-content\/uploads\/documents\/imagesite\/mp3-48.png?resize=46%2C46\" alt=\"L'as-tu vu - mp3\" width=\"46\" height=\"46\" \/><\/a><\/td>\n<td style=\"width: 10%\"><a title=\"Chant de No\u00ebl - L'as-tu vu - vid\u00e9o Youtube\" href=\"http:\/\/youtu.be\/C1oB3G3FvhE\" target=\"_blank\" rel=\"noopener\"><img data-recalc-dims=\"1\" decoding=\"async\" class=\"illustration alignnone\" title=\"L'as-tu vu - YouTube\" src=\"https:\/\/i0.wp.com\/www.anyssa.org\/classedesgnomes\/wp-content\/uploads\/documents\/imagesite\/youtube-48.png?resize=46%2C46\" alt=\"L'as-tu vu - YouTube\" width=\"46\" height=\"46\" \/><\/a><\/td>\n<td style=\"width: 20%;text-align: left\">\u00a0<\/td>\n<\/tr>\n<tr>\n<td>\n<h4><img decoding=\"async\" class=\"illustration alignnone\" title=\"Je m'habille et je t'apporte un cadeau\" src=\"\/classedesgnomes\/wp-content\/uploads\/documents\/arts\/musique\/images-comptines-site\/jemhabille.PNG\" alt=\"Je m'habille et je t'apporte un cadeau\" width=\"80\" height=\"81\" \/><\/h4>\n<\/td>\n<td style=\"text-align: left\">\n<h4>Je m&rsquo;habille et je<br \/>\nt&rsquo;apporte un cadeau<\/h4>\n<p>Mr PoZ<\/p>\n<\/td>\n<td style=\"width: 10%\">\n<p><a href=\"\/classedesgnomes\/wp-content\/uploads\/documents\/arts\/musique\/je-mhabille_paroles-A5.pdf\"><img data-recalc-dims=\"1\" decoding=\"async\" class=\"illustration alignnone\" title=\"Je m'habille et je t'apporte un cadeau - paroles\" src=\"https:\/\/i0.wp.com\/www.anyssa.org\/classedesgnomes\/wp-content\/uploads\/2012\/05\/pdf50.png?resize=40%2C46\" alt=\"Je m'habille et je t'apporte un cadeau - paroles\" width=\"40\" height=\"46\" \/><\/a><\/p>\n<\/td>\n<td style=\"width: 10%\">\n<p><a href=\"\/classedesgnomes\/wp-content\/uploads\/documents\/arts\/musique\/je-mhabille_paroles-A5.pub\"><img data-recalc-dims=\"1\" decoding=\"async\" class=\"illustration alignnone\" title=\"Je m'habille et je t'apporte un cadeau - paroles\" src=\"https:\/\/i0.wp.com\/www.anyssa.org\/classedesgnomes\/wp-content\/uploads\/documents\/imagesite\/publisher48.png?resize=46%2C46\" alt=\"Je m'habille et je t'apporte un cadeau - paroles\" width=\"46\" height=\"46\" \/><\/a><\/p>\n<\/td>\n<td style=\"width: 10%\"><a href=\"\/classedesgnomes\/wp-content\/uploads\/documents\/audio\/comptines\/je-mhabille-Vfinale_02.mp3\"><img data-recalc-dims=\"1\" decoding=\"async\" class=\"illustration alignnone\" title=\"Je m'habille et je t'apporte un cadeau - mp3\" src=\"https:\/\/i0.wp.com\/www.anyssa.org\/classedesgnomes\/wp-content\/uploads\/documents\/imagesite\/mp3-48.png?resize=46%2C46\" alt=\"Je m'habille et je t'apporte un cadeau - mp3\" width=\"46\" height=\"46\" \/><\/a><\/td>\n<td style=\"width: 10%\"><a href=\"http:\/\/youtu.be\/u4zEdqzdoK0\" target=\"_blank\" rel=\"noopener\"><img data-recalc-dims=\"1\" decoding=\"async\" class=\"ilustration alignnone\" title=\"Je m'habille et je t'apporte un cadeau - YouTube\" src=\"https:\/\/i0.wp.com\/www.anyssa.org\/classedesgnomes\/wp-content\/uploads\/documents\/imagesite\/youtube-48.png?resize=46%2C46\" alt=\"Je m'habille et je t'apporte un cadeau - YouTube\" width=\"46\" height=\"46\" \/><\/a><\/td>\n<td style=\"width: 20%;text-align: left\">\u00a0<a title=\"Je m\u2019habille et je t\u2019apporte un cadeau, de B\u00e9n\u00e9dicte Guettier (activit\u00e9s)\" href=\"http:\/\/www.anyssa.org\/classedesgnomes\/je-mhabille-et-je-tapporte-un-cadeau-de-benedicte-guettier-activites\/\">Exploitation de l&rsquo;album<\/a><\/td>\n<\/tr>\n<tr>\n<td>&nbsp;<\/td>\n<td style=\"text-align: left\" colspan=\"6\">\n<h4>Consultez aussi l&rsquo;article : <a href=\"https:\/\/www.anyssa.org\/classedesgnomes\/chants-comptines-de-noel\/\">Des chants et comptines de No\u00ebl<\/a><\/h4>\n<\/td>\n<\/tr>\n<\/tbody>\n<\/table>\n<h2>Autres th\u00e8mes<\/h2>\n<table style=\"width: 100%\">\n<tbody>\n<tr>\n<td>\n<h4><img decoding=\"async\" class=\"illustration alignnone\" title=\"L'ogre\" src=\"\/classedesgnomes\/wp-content\/uploads\/documents\/arts\/musique\/ogre.jpg\" alt=\"L'ogre\" width=\"80\" height=\"90\" \/><\/h4>\n<\/td>\n<td style=\"text-align: left\">\n<h4>L&rsquo;ogre<\/h4>\n<p>Henri D\u00e8s<\/p>\n<\/td>\n<td style=\"width: 10%\">\n<p><a href=\"http:\/\/www.anyssa.org\/classedesgnomes\/wp-content\/uploads\/documents\/francais\/litterature\/albums\/l-ogre_henri-des_paroles.pdf\"><img data-recalc-dims=\"1\" decoding=\"async\" class=\"illustration alignnone\" title=\"L'ogre - Henri D\u00e8s - paroles\" src=\"https:\/\/i0.wp.com\/www.anyssa.org\/classedesgnomes\/wp-content\/uploads\/2012\/05\/pdf50.png?resize=40%2C46\" alt=\"L'ogre - Henri D\u00e8s - paroles\" width=\"40\" height=\"46\" \/><\/a><\/p>\n<\/td>\n<td style=\"width: 10%\"><a href=\"http:\/\/www.anyssa.org\/classedesgnomes\/wp-content\/uploads\/documents\/francais\/litterature\/albums\/l-ogre_henri-des_paroles.pub\"><img data-recalc-dims=\"1\" decoding=\"async\" class=\"illustration alignnone\" title=\"L'ogre - Henri D\u00e8s - paroles\" src=\"https:\/\/i0.wp.com\/www.anyssa.org\/classedesgnomes\/wp-content\/uploads\/documents\/imagesite\/publisher48.png?resize=46%2C46\" alt=\"L'ogre - Henri D\u00e8s - paroles\" width=\"46\" height=\"46\" \/><\/a><\/td>\n<td style=\"width: 10%\"><a href=\"http:\/\/www.amazon.fr\/gp\/product\/B00AG2YHSS\/ref=as_li_tl?ie=UTF8&amp;camp=1642&amp;creative=19458&amp;creativeASIN=B00AG2YHSS&amp;linkCode=as2&amp;tag=laclasdesgnom-21\"><img data-recalc-dims=\"1\" decoding=\"async\" class=\"alignnone\" title=\"L'ogre - Henri D\u00e8s - mp3\" src=\"https:\/\/i0.wp.com\/www.anyssa.org\/classedesgnomes\/wp-content\/uploads\/documents\/imagesite\/mp3-48.png?resize=46%2C46\" alt=\"L'ogre - Henri D\u00e8s - mp3\" width=\"46\" height=\"46\" \/><img decoding=\"async\" style=\"border: none !important;margin: 0px !important\" src=\"http:\/\/ir-fr.amazon-adsystem.com\/e\/ir?t=laclasdesgnom-21&amp;l=as2&amp;o=8&amp;a=B00AG2YHSS\" alt=\"\" width=\"1\" height=\"1\" border=\"0\" \/><\/a><\/td>\n<td style=\"width: 10%\"><img data-recalc-dims=\"1\" decoding=\"async\" title=\"Petit gar\u00e7on - Graeme Allwright - YouTube\" src=\"https:\/\/i0.wp.com\/www.anyssa.org\/classedesgnomes\/wp-content\/uploads\/documents\/imagesite\/youtube-48.png?resize=46%2C46\" alt=\"Petit gar\u00e7on - Graeme Allwright - YouTube\" width=\"46\" height=\"46\" \/><\/td>\n<td style=\"width: 20%;text-align: left\"><a href=\"http:\/\/www.anyssa.org\/classedesgnomes\/le-petit-ogre-veut-aller-a-lecole-cp\/\">Exploitation de l&rsquo;album<\/a><\/td>\n<\/tr>\n<tr>\n<td>\n<h4><img decoding=\"async\" title=\"\" src=\"\/classedesgnomes\/wp-content\/uploads\/documents\/arts\/musique\/images-comptines-site\/moufle.PNG\" alt=\"La moufle\" width=\"80\" height=\"54\" \/><\/h4>\n<\/td>\n<td style=\"text-align: left\">\n<h4>La moufle<\/h4>\n<p>Mr PoZ<\/p>\n<\/td>\n<td style=\"width: 10%\">\n<p><a href=\"\/classedesgnomes\/wp-content\/uploads\/documents\/arts\/musique\/la-moufle_paroles-A4.pdf\"><img data-recalc-dims=\"1\" decoding=\"async\" class=\"illustration alignnone\" title=\"La moufle - paroles\" src=\"https:\/\/i0.wp.com\/www.anyssa.org\/classedesgnomes\/wp-content\/uploads\/2012\/05\/pdf50.png?resize=40%2C46\" alt=\"La moufle - paroles\" width=\"40\" height=\"46\" \/><\/a><\/p>\n<\/td>\n<td style=\"width: 10%\">\n<p><a href=\"\/classedesgnomes\/wp-content\/uploads\/documents\/arts\/musique\/la-moufle_paroles-A4.pub\"><img data-recalc-dims=\"1\" decoding=\"async\" class=\"illustration alignnone\" title=\"La moufle - paroles\" src=\"https:\/\/i0.wp.com\/www.anyssa.org\/classedesgnomes\/wp-content\/uploads\/documents\/imagesite\/publisher48.png?resize=46%2C46\" alt=\"La moufle - paroles\" width=\"46\" height=\"46\" \/><\/a><\/p>\n<\/td>\n<td style=\"width: 10%\"><a href=\"\/classedesgnomes\/wp-content\/uploads\/documents\/audio\/comptines\/la-moufle_final.mp3\" target=\"_blank\" rel=\"noopener\"><img data-recalc-dims=\"1\" decoding=\"async\" class=\"illustration alignnone\" title=\"La moufle - mp3\" src=\"https:\/\/i0.wp.com\/www.anyssa.org\/classedesgnomes\/wp-content\/uploads\/documents\/imagesite\/mp3-48.png?resize=46%2C46\" alt=\"La moufle - mp3\" width=\"46\" height=\"46\" \/><\/a><\/td>\n<td style=\"width: 10%\"><a href=\"http:\/\/youtu.be\/Dvb1GoS-j88\" target=\"_blank\" rel=\"noopener\"><img data-recalc-dims=\"1\" decoding=\"async\" class=\"illustration alignnone\" title=\"La moufle - YouTube\" src=\"https:\/\/i0.wp.com\/www.anyssa.org\/classedesgnomes\/wp-content\/uploads\/documents\/imagesite\/youtube-48.png?resize=46%2C46\" alt=\"La moufle - YouTube\" width=\"46\" height=\"46\" \/><\/a><\/td>\n<td style=\"width: 20%;text-align: left\">\u00a0<a title=\"La moufle \u2013 Robert Giraud \u2013 \u00e9d\u00b0 P\u00e8re Castor\" href=\"http:\/\/www.anyssa.org\/classedesgnomes\/la-moufle-robert-giraud-ed-pere-castor\/\">Exploitation de l&rsquo;album<\/a><\/td>\n<\/tr>\n<\/tbody>\n<\/table>\n<hr \/>\n<h2 style=\"text-align: center\"><span style=\"color: #ff0000\">D\u00e9couvrez d&rsquo;autres comptines dans cet article : <\/span><br \/>\n<span style=\"color: #ff0000\"><a style=\"color: #ff0000\" href=\"http:\/\/www.anyssa.org\/classedesgnomes\/des-comptines-en-maternelle\/\">Des comptines en maternelle<\/a><\/span><\/h2>\n<p>&nbsp;<\/p>\n","protected":false},"excerpt":{"rendered":"<p>Je regroupe dans cet article les chansons que j&rsquo;ai exploit\u00e9es en classe. Vous trouverez les paroles, les pistes audio mp3, et parfois des liens vers des vid\u00e9os YouTube.<a class=\"more-link\" href=\"https:\/\/www.anyssa.org\/classedesgnomes\/des-chansons-pour-la-classe\/\">        &#x2192;<\/a><\/p>\n","protected":false},"author":2,"featured_media":6590,"comment_status":"open","ping_status":"open","sticky":false,"template":"","format":"standard","meta":{"jetpack_post_was_ever_published":false,"_jetpack_newsletter_access":"","_jetpack_dont_email_post_to_subs":false,"_jetpack_newsletter_tier_id":0,"_jetpack_memberships_contains_paywalled_content":false,"_jetpack_memberships_contains_paid_content":false,"footnotes":""},"categories":[1111,826],"tags":[1118,1067,1117],"class_list":["entry","author-anyssa","has-excerpt","post-9285","post","type-post","status-publish","format-standard","has-post-thumbnail","category-comptines-maternelle","category-education-musicale","tag-briant","tag-comptines","tag-versini"],"yoast_head":"<!-- This site is optimized with the Yoast SEO plugin v27.4 - https:\/\/yoast.com\/product\/yoast-seo-wordpress\/ -->\n<title>Des chansons pour la classe ~ La Classe des gnomes<\/title>\n<meta name=\"description\" content=\"Je regroupe dans cet article les chansons que j&#039;ai exploit\u00e9es en classe. Vous trouverez les paroles, les pistes audio mp3, et parfois des liens vers des vid\u00e9os YouTube.\" \/>\n<meta name=\"robots\" content=\"index, follow, max-snippet:-1, max-image-preview:large, max-video-preview:-1\" \/>\n<link rel=\"canonical\" href=\"https:\/\/www.anyssa.org\/classedesgnomes\/des-chansons-pour-la-classe\/\" \/>\n<meta property=\"og:locale\" content=\"fr_FR\" \/>\n<meta property=\"og:type\" content=\"article\" \/>\n<meta property=\"og:title\" content=\"Des chansons pour la classe ~ La Classe des gnomes\" \/>\n<meta property=\"og:description\" content=\"Je regroupe dans cet article les chansons que j&#039;ai exploit\u00e9es en classe. Vous trouverez les paroles, les pistes audio mp3, et parfois des liens vers des vid\u00e9os YouTube.\" \/>\n<meta property=\"og:url\" content=\"https:\/\/www.anyssa.org\/classedesgnomes\/des-chansons-pour-la-classe\/\" \/>\n<meta property=\"og:site_name\" content=\"La Classe des gnomes\" \/>\n<meta property=\"article:published_time\" content=\"2015-10-05T18:23:55+00:00\" \/>\n<meta property=\"article:modified_time\" content=\"2018-10-03T17:37:04+00:00\" \/>\n<meta property=\"og:image\" content=\"https:\/\/i2.wp.com\/www.anyssa.org\/classedesgnomes\/wp-content\/uploads\/2015\/02\/poz-guitareC-200.png?fit=200%2C322&ssl=1\" \/>\n\t<meta property=\"og:image:width\" content=\"200\" \/>\n\t<meta property=\"og:image:height\" content=\"322\" \/>\n\t<meta property=\"og:image:type\" content=\"image\/png\" \/>\n<meta name=\"author\" content=\"Anyssa\" \/>\n<meta name=\"twitter:card\" content=\"summary_large_image\" \/>\n<meta name=\"twitter:creator\" content=\"@Anyssa_SE\" \/>\n<meta name=\"twitter:site\" content=\"@Anyssa_SE\" \/>\n<meta name=\"twitter:label1\" content=\"\u00c9crit par\" \/>\n\t<meta name=\"twitter:data1\" content=\"Anyssa\" \/>\n\t<meta name=\"twitter:label2\" content=\"Dur\u00e9e de lecture estim\u00e9e\" \/>\n\t<meta name=\"twitter:data2\" content=\"1 minute\" \/>\n<script type=\"application\/ld+json\" class=\"yoast-schema-graph\">{\"@context\":\"https:\\\/\\\/schema.org\",\"@graph\":[{\"@type\":\"Article\",\"@id\":\"https:\\\/\\\/www.anyssa.org\\\/classedesgnomes\\\/des-chansons-pour-la-classe\\\/#article\",\"isPartOf\":{\"@id\":\"https:\\\/\\\/www.anyssa.org\\\/classedesgnomes\\\/des-chansons-pour-la-classe\\\/\"},\"author\":{\"name\":\"Anyssa\",\"@id\":\"https:\\\/\\\/www.anyssa.org\\\/classedesgnomes\\\/#\\\/schema\\\/person\\\/239c912ae4cbab448627207cdde96371\"},\"headline\":\"Des chansons pour la classe\",\"datePublished\":\"2015-10-05T18:23:55+00:00\",\"dateModified\":\"2018-10-03T17:37:04+00:00\",\"mainEntityOfPage\":{\"@id\":\"https:\\\/\\\/www.anyssa.org\\\/classedesgnomes\\\/des-chansons-pour-la-classe\\\/\"},\"wordCount\":240,\"commentCount\":5,\"publisher\":{\"@id\":\"https:\\\/\\\/www.anyssa.org\\\/classedesgnomes\\\/#\\\/schema\\\/person\\\/239c912ae4cbab448627207cdde96371\"},\"image\":{\"@id\":\"https:\\\/\\\/www.anyssa.org\\\/classedesgnomes\\\/des-chansons-pour-la-classe\\\/#primaryimage\"},\"thumbnailUrl\":\"https:\\\/\\\/i0.wp.com\\\/www.anyssa.org\\\/classedesgnomes\\\/wp-content\\\/uploads\\\/2015\\\/02\\\/poz-guitareC-200.png?fit=200%2C322&ssl=1\",\"keywords\":[\"Briant\",\"comptines\",\"versini\"],\"articleSection\":[\"Chanter en maternelle\",\"\u00c9ducation musicale\"],\"inLanguage\":\"fr-FR\",\"potentialAction\":[{\"@type\":\"CommentAction\",\"name\":\"Comment\",\"target\":[\"https:\\\/\\\/www.anyssa.org\\\/classedesgnomes\\\/des-chansons-pour-la-classe\\\/#respond\"]}]},{\"@type\":\"WebPage\",\"@id\":\"https:\\\/\\\/www.anyssa.org\\\/classedesgnomes\\\/des-chansons-pour-la-classe\\\/\",\"url\":\"https:\\\/\\\/www.anyssa.org\\\/classedesgnomes\\\/des-chansons-pour-la-classe\\\/\",\"name\":\"Des chansons pour la classe ~ La Classe des gnomes\",\"isPartOf\":{\"@id\":\"https:\\\/\\\/www.anyssa.org\\\/classedesgnomes\\\/#website\"},\"primaryImageOfPage\":{\"@id\":\"https:\\\/\\\/www.anyssa.org\\\/classedesgnomes\\\/des-chansons-pour-la-classe\\\/#primaryimage\"},\"image\":{\"@id\":\"https:\\\/\\\/www.anyssa.org\\\/classedesgnomes\\\/des-chansons-pour-la-classe\\\/#primaryimage\"},\"thumbnailUrl\":\"https:\\\/\\\/i0.wp.com\\\/www.anyssa.org\\\/classedesgnomes\\\/wp-content\\\/uploads\\\/2015\\\/02\\\/poz-guitareC-200.png?fit=200%2C322&ssl=1\",\"datePublished\":\"2015-10-05T18:23:55+00:00\",\"dateModified\":\"2018-10-03T17:37:04+00:00\",\"description\":\"Je regroupe dans cet article les chansons que j'ai exploit\u00e9es en classe. Vous trouverez les paroles, les pistes audio mp3, et parfois des liens vers des vid\u00e9os YouTube.\",\"breadcrumb\":{\"@id\":\"https:\\\/\\\/www.anyssa.org\\\/classedesgnomes\\\/des-chansons-pour-la-classe\\\/#breadcrumb\"},\"inLanguage\":\"fr-FR\",\"potentialAction\":[{\"@type\":\"ReadAction\",\"target\":[\"https:\\\/\\\/www.anyssa.org\\\/classedesgnomes\\\/des-chansons-pour-la-classe\\\/\"]}]},{\"@type\":\"ImageObject\",\"inLanguage\":\"fr-FR\",\"@id\":\"https:\\\/\\\/www.anyssa.org\\\/classedesgnomes\\\/des-chansons-pour-la-classe\\\/#primaryimage\",\"url\":\"https:\\\/\\\/i0.wp.com\\\/www.anyssa.org\\\/classedesgnomes\\\/wp-content\\\/uploads\\\/2015\\\/02\\\/poz-guitareC-200.png?fit=200%2C322&ssl=1\",\"contentUrl\":\"https:\\\/\\\/i0.wp.com\\\/www.anyssa.org\\\/classedesgnomes\\\/wp-content\\\/uploads\\\/2015\\\/02\\\/poz-guitareC-200.png?fit=200%2C322&ssl=1\",\"width\":200,\"height\":322,\"caption\":\"PoZ le guitariste\"},{\"@type\":\"BreadcrumbList\",\"@id\":\"https:\\\/\\\/www.anyssa.org\\\/classedesgnomes\\\/des-chansons-pour-la-classe\\\/#breadcrumb\",\"itemListElement\":[{\"@type\":\"ListItem\",\"position\":1,\"name\":\"Accueil\",\"item\":\"https:\\\/\\\/www.anyssa.org\\\/classedesgnomes\\\/\"},{\"@type\":\"ListItem\",\"position\":2,\"name\":\"Des chansons pour la classe\"}]},{\"@type\":\"WebSite\",\"@id\":\"https:\\\/\\\/www.anyssa.org\\\/classedesgnomes\\\/#website\",\"url\":\"https:\\\/\\\/www.anyssa.org\\\/classedesgnomes\\\/\",\"name\":\"La Classe des gnomes\",\"description\":\"Des ressources pour la maternelle et l&#039;\u00e9l\u00e9mentaire\",\"publisher\":{\"@id\":\"https:\\\/\\\/www.anyssa.org\\\/classedesgnomes\\\/#\\\/schema\\\/person\\\/239c912ae4cbab448627207cdde96371\"},\"potentialAction\":[{\"@type\":\"SearchAction\",\"target\":{\"@type\":\"EntryPoint\",\"urlTemplate\":\"https:\\\/\\\/www.anyssa.org\\\/classedesgnomes\\\/?s={search_term_string}\"},\"query-input\":{\"@type\":\"PropertyValueSpecification\",\"valueRequired\":true,\"valueName\":\"search_term_string\"}}],\"inLanguage\":\"fr-FR\"},{\"@type\":[\"Person\",\"Organization\"],\"@id\":\"https:\\\/\\\/www.anyssa.org\\\/classedesgnomes\\\/#\\\/schema\\\/person\\\/239c912ae4cbab448627207cdde96371\",\"name\":\"Anyssa\",\"image\":{\"@type\":\"ImageObject\",\"inLanguage\":\"fr-FR\",\"@id\":\"https:\\\/\\\/i0.wp.com\\\/www.anyssa.org\\\/classedesgnomes\\\/wp-content\\\/uploads\\\/2018\\\/09\\\/cropped-lutine_1_C02.jpg?fit=512%2C512&ssl=1\",\"url\":\"https:\\\/\\\/i0.wp.com\\\/www.anyssa.org\\\/classedesgnomes\\\/wp-content\\\/uploads\\\/2018\\\/09\\\/cropped-lutine_1_C02.jpg?fit=512%2C512&ssl=1\",\"contentUrl\":\"https:\\\/\\\/i0.wp.com\\\/www.anyssa.org\\\/classedesgnomes\\\/wp-content\\\/uploads\\\/2018\\\/09\\\/cropped-lutine_1_C02.jpg?fit=512%2C512&ssl=1\",\"width\":512,\"height\":512,\"caption\":\"Anyssa\"},\"logo\":{\"@id\":\"https:\\\/\\\/i0.wp.com\\\/www.anyssa.org\\\/classedesgnomes\\\/wp-content\\\/uploads\\\/2018\\\/09\\\/cropped-lutine_1_C02.jpg?fit=512%2C512&ssl=1\"},\"sameAs\":[\"http:\\\/\\\/www.anyssa.org\\\/classedesgnomes\\\/\"]}]}<\/script>\n<!-- \/ Yoast SEO plugin. -->","yoast_head_json":{"title":"Des chansons pour la classe ~ La Classe des gnomes","description":"Je regroupe dans cet article les chansons que j'ai exploit\u00e9es en classe. Vous trouverez les paroles, les pistes audio mp3, et parfois des liens vers des vid\u00e9os YouTube.","robots":{"index":"index","follow":"follow","max-snippet":"max-snippet:-1","max-image-preview":"max-image-preview:large","max-video-preview":"max-video-preview:-1"},"canonical":"https:\/\/www.anyssa.org\/classedesgnomes\/des-chansons-pour-la-classe\/","og_locale":"fr_FR","og_type":"article","og_title":"Des chansons pour la classe ~ La Classe des gnomes","og_description":"Je regroupe dans cet article les chansons que j'ai exploit\u00e9es en classe. Vous trouverez les paroles, les pistes audio mp3, et parfois des liens vers des vid\u00e9os YouTube.","og_url":"https:\/\/www.anyssa.org\/classedesgnomes\/des-chansons-pour-la-classe\/","og_site_name":"La Classe des gnomes","article_published_time":"2015-10-05T18:23:55+00:00","article_modified_time":"2018-10-03T17:37:04+00:00","og_image":[{"width":200,"height":322,"url":"https:\/\/i2.wp.com\/www.anyssa.org\/classedesgnomes\/wp-content\/uploads\/2015\/02\/poz-guitareC-200.png?fit=200%2C322&ssl=1","type":"image\/png"}],"author":"Anyssa","twitter_card":"summary_large_image","twitter_creator":"@Anyssa_SE","twitter_site":"@Anyssa_SE","twitter_misc":{"\u00c9crit par":"Anyssa","Dur\u00e9e de lecture estim\u00e9e":"1 minute"},"schema":{"@context":"https:\/\/schema.org","@graph":[{"@type":"Article","@id":"https:\/\/www.anyssa.org\/classedesgnomes\/des-chansons-pour-la-classe\/#article","isPartOf":{"@id":"https:\/\/www.anyssa.org\/classedesgnomes\/des-chansons-pour-la-classe\/"},"author":{"name":"Anyssa","@id":"https:\/\/www.anyssa.org\/classedesgnomes\/#\/schema\/person\/239c912ae4cbab448627207cdde96371"},"headline":"Des chansons pour la classe","datePublished":"2015-10-05T18:23:55+00:00","dateModified":"2018-10-03T17:37:04+00:00","mainEntityOfPage":{"@id":"https:\/\/www.anyssa.org\/classedesgnomes\/des-chansons-pour-la-classe\/"},"wordCount":240,"commentCount":5,"publisher":{"@id":"https:\/\/www.anyssa.org\/classedesgnomes\/#\/schema\/person\/239c912ae4cbab448627207cdde96371"},"image":{"@id":"https:\/\/www.anyssa.org\/classedesgnomes\/des-chansons-pour-la-classe\/#primaryimage"},"thumbnailUrl":"https:\/\/i0.wp.com\/www.anyssa.org\/classedesgnomes\/wp-content\/uploads\/2015\/02\/poz-guitareC-200.png?fit=200%2C322&ssl=1","keywords":["Briant","comptines","versini"],"articleSection":["Chanter en maternelle","\u00c9ducation musicale"],"inLanguage":"fr-FR","potentialAction":[{"@type":"CommentAction","name":"Comment","target":["https:\/\/www.anyssa.org\/classedesgnomes\/des-chansons-pour-la-classe\/#respond"]}]},{"@type":"WebPage","@id":"https:\/\/www.anyssa.org\/classedesgnomes\/des-chansons-pour-la-classe\/","url":"https:\/\/www.anyssa.org\/classedesgnomes\/des-chansons-pour-la-classe\/","name":"Des chansons pour la classe ~ La Classe des gnomes","isPartOf":{"@id":"https:\/\/www.anyssa.org\/classedesgnomes\/#website"},"primaryImageOfPage":{"@id":"https:\/\/www.anyssa.org\/classedesgnomes\/des-chansons-pour-la-classe\/#primaryimage"},"image":{"@id":"https:\/\/www.anyssa.org\/classedesgnomes\/des-chansons-pour-la-classe\/#primaryimage"},"thumbnailUrl":"https:\/\/i0.wp.com\/www.anyssa.org\/classedesgnomes\/wp-content\/uploads\/2015\/02\/poz-guitareC-200.png?fit=200%2C322&ssl=1","datePublished":"2015-10-05T18:23:55+00:00","dateModified":"2018-10-03T17:37:04+00:00","description":"Je regroupe dans cet article les chansons que j'ai exploit\u00e9es en classe. Vous trouverez les paroles, les pistes audio mp3, et parfois des liens vers des vid\u00e9os YouTube.","breadcrumb":{"@id":"https:\/\/www.anyssa.org\/classedesgnomes\/des-chansons-pour-la-classe\/#breadcrumb"},"inLanguage":"fr-FR","potentialAction":[{"@type":"ReadAction","target":["https:\/\/www.anyssa.org\/classedesgnomes\/des-chansons-pour-la-classe\/"]}]},{"@type":"ImageObject","inLanguage":"fr-FR","@id":"https:\/\/www.anyssa.org\/classedesgnomes\/des-chansons-pour-la-classe\/#primaryimage","url":"https:\/\/i0.wp.com\/www.anyssa.org\/classedesgnomes\/wp-content\/uploads\/2015\/02\/poz-guitareC-200.png?fit=200%2C322&ssl=1","contentUrl":"https:\/\/i0.wp.com\/www.anyssa.org\/classedesgnomes\/wp-content\/uploads\/2015\/02\/poz-guitareC-200.png?fit=200%2C322&ssl=1","width":200,"height":322,"caption":"PoZ le guitariste"},{"@type":"BreadcrumbList","@id":"https:\/\/www.anyssa.org\/classedesgnomes\/des-chansons-pour-la-classe\/#breadcrumb","itemListElement":[{"@type":"ListItem","position":1,"name":"Accueil","item":"https:\/\/www.anyssa.org\/classedesgnomes\/"},{"@type":"ListItem","position":2,"name":"Des chansons pour la classe"}]},{"@type":"WebSite","@id":"https:\/\/www.anyssa.org\/classedesgnomes\/#website","url":"https:\/\/www.anyssa.org\/classedesgnomes\/","name":"La Classe des gnomes","description":"Des ressources pour la maternelle et l&#039;\u00e9l\u00e9mentaire","publisher":{"@id":"https:\/\/www.anyssa.org\/classedesgnomes\/#\/schema\/person\/239c912ae4cbab448627207cdde96371"},"potentialAction":[{"@type":"SearchAction","target":{"@type":"EntryPoint","urlTemplate":"https:\/\/www.anyssa.org\/classedesgnomes\/?s={search_term_string}"},"query-input":{"@type":"PropertyValueSpecification","valueRequired":true,"valueName":"search_term_string"}}],"inLanguage":"fr-FR"},{"@type":["Person","Organization"],"@id":"https:\/\/www.anyssa.org\/classedesgnomes\/#\/schema\/person\/239c912ae4cbab448627207cdde96371","name":"Anyssa","image":{"@type":"ImageObject","inLanguage":"fr-FR","@id":"https:\/\/i0.wp.com\/www.anyssa.org\/classedesgnomes\/wp-content\/uploads\/2018\/09\/cropped-lutine_1_C02.jpg?fit=512%2C512&ssl=1","url":"https:\/\/i0.wp.com\/www.anyssa.org\/classedesgnomes\/wp-content\/uploads\/2018\/09\/cropped-lutine_1_C02.jpg?fit=512%2C512&ssl=1","contentUrl":"https:\/\/i0.wp.com\/www.anyssa.org\/classedesgnomes\/wp-content\/uploads\/2018\/09\/cropped-lutine_1_C02.jpg?fit=512%2C512&ssl=1","width":512,"height":512,"caption":"Anyssa"},"logo":{"@id":"https:\/\/i0.wp.com\/www.anyssa.org\/classedesgnomes\/wp-content\/uploads\/2018\/09\/cropped-lutine_1_C02.jpg?fit=512%2C512&ssl=1"},"sameAs":["http:\/\/www.anyssa.org\/classedesgnomes\/"]}]}},"jetpack_featured_media_url":"https:\/\/i0.wp.com\/www.anyssa.org\/classedesgnomes\/wp-content\/uploads\/2015\/02\/poz-guitareC-200.png?fit=200%2C322&ssl=1","jetpack_likes_enabled":true,"jetpack-related-posts":[{"id":11496,"url":"https:\/\/www.anyssa.org\/classedesgnomes\/chants-comptines-de-noel\/","url_meta":{"origin":9285,"position":0},"title":"Chants et comptines de No\u00ebl","author":"Anyssa","date":"18 novembre 2017","format":false,"excerpt":"Une compilation des chants et comptines de No\u00ebl que je propose dans mes classes. Avec les paroles et les pistes audios.","rel":"","context":"Dans &quot;Chanter en maternelle&quot;","block_context":{"text":"Chanter en maternelle","link":"https:\/\/www.anyssa.org\/classedesgnomes\/maternelle\/comptines-maternelle\/"},"img":{"alt_text":"","src":"https:\/\/i0.wp.com\/www.anyssa.org\/classedesgnomes\/wp-content\/uploads\/2017\/11\/ppoz-pere-noel_400.jpg?fit=400%2C300&ssl=1&resize=350%2C200","width":350,"height":200},"classes":[]},{"id":6564,"url":"https:\/\/www.anyssa.org\/classedesgnomes\/des-comptines-en-maternelle\/","url_meta":{"origin":9285,"position":1},"title":"Des comptines en maternelle","author":"Anyssa","date":"21 f\u00e9vrier 2015","format":false,"excerpt":"Un corpus de comptines traditionnelles et d'autres moins connues, pour chanter tous les jours en maternelle. Avec les textes et les images d'illustrations.","rel":"","context":"Dans &quot;Chanter en maternelle&quot;","block_context":{"text":"Chanter en maternelle","link":"https:\/\/www.anyssa.org\/classedesgnomes\/maternelle\/comptines-maternelle\/"},"img":{"alt_text":"poz-guitareC-200","src":"https:\/\/i0.wp.com\/www.anyssa.org\/classedesgnomes\/wp-content\/uploads\/2015\/02\/poz-guitareC-200.png?resize=350%2C200","width":350,"height":200},"classes":[]},{"id":10184,"url":"https:\/\/www.anyssa.org\/classedesgnomes\/des-chansons-de-noel-pleines-dhumour-pour-des-cm\/","url_meta":{"origin":9285,"position":2},"title":"Des chansons de No\u00ebl pleines d&rsquo;humour (pour des CM)","author":"Anyssa","date":"12 d\u00e9cembre 2015","format":false,"excerpt":"On n'est pas oblig\u00e9 de se prendre au s\u00e9rieux quand on chante des chansons de No\u00ebl. Je partage aujourd'hui deux chansons de ma jeunesse que j'adore et qui devraient faire sourire vos \u00e9l\u00e8ves.","rel":"","context":"Dans &quot;\u00c9ducation musicale&quot;","block_context":{"text":"\u00c9ducation musicale","link":"https:\/\/www.anyssa.org\/classedesgnomes\/culture-humaniste\/arts\/education-musicale\/"},"img":{"alt_text":"","src":"https:\/\/i0.wp.com\/www.anyssa.org\/classedesgnomes\/wp-content\/uploads\/2017\/11\/ppoz-pere-noel_400.jpg?fit=400%2C300&ssl=1&resize=350%2C200","width":350,"height":200},"classes":[]},{"id":9272,"url":"https:\/\/www.anyssa.org\/classedesgnomes\/lautomne-en-classe-de-cle\/","url_meta":{"origin":9285,"position":3},"title":"L&rsquo;automne en classe de CLE","author":"Anyssa","date":"5 octobre 2015","format":false,"excerpt":"L'arriv\u00e9e de l'automne a \u00e9t\u00e9 bien s\u00fbr l'occasion de retravailler la perception du temps qui passe, mais aussi celle d'observer les changements de la nature, de changer la d\u00e9coration de la classe, d'apprendre de nouveaux po\u00e8mes et de nouvelles chansons. Je publie dans cet article toutes mes ressources sur le\u2026","rel":"","context":"Dans &quot;Arts visuels&quot;","block_context":{"text":"Arts visuels","link":"https:\/\/www.anyssa.org\/classedesgnomes\/culture-humaniste\/arts\/arts-visuels\/"},"img":{"alt_text":"Rallye-liens L'automne - La Classe des gnomes d'Anyssa","src":"https:\/\/i0.wp.com\/www.anyssa.org\/classedesgnomes\/wp-content\/uploads\/2015\/09\/rallye-liens-automne-classe-des-gnomes-300w.png?resize=350%2C200","width":350,"height":200},"classes":[]},{"id":6303,"url":"https:\/\/www.anyssa.org\/classedesgnomes\/je-mhabille-et-je-tapporte-un-cadeau-de-benedicte-guettier\/","url_meta":{"origin":9285,"position":4},"title":"Je m&rsquo;habille et je t&rsquo;apporte un cadeau (B\u00e9n\u00e9dicte Guettier)","author":"Anyssa","date":"30 novembre 2014","format":false,"excerpt":"Pendant ce mois de d\u00e9cembre, les comptines de No\u00ebl seront incontournables. \u00c7a tombe bien, j'adore ces chansons ! Mes \u00e9l\u00e8ves en \u00e9couteront quotidiennement, des modernes et des anciennes. Ils en apprendront deux classiques : L'as-tu vu ? et Petit gar\u00e7on. Mais j'ai aussi voulu apporter une touche personnelle, en mettant\u2026","rel":"","context":"Dans &quot;Chanter en maternelle&quot;","block_context":{"text":"Chanter en maternelle","link":"https:\/\/www.anyssa.org\/classedesgnomes\/maternelle\/comptines-maternelle\/"},"img":{"alt_text":"","src":"http:\/\/ws-eu.amazon-adsystem.com\/widgets\/q?_encoding=UTF8&ASIN=2211216447&Format=_SL250_&ID=AsinImage&MarketPlace=FR&ServiceVersion=20070822&WS=1&tag=laclasdesgnom-21","width":350,"height":200},"classes":[]},{"id":2177,"url":"https:\/\/www.anyssa.org\/classedesgnomes\/the-house\/","url_meta":{"origin":9285,"position":5},"title":"The house","author":"Anyssa","date":"12 juin 2012","format":false,"excerpt":"Je publie dans cet article les documents papier et audio que j'utilise pour \u00e9tudier le th\u00e8me de la maison. La majorit\u00e9 de ces documents provient de la m\u00e9thode Topics - l'anglais \u00e0 l'\u00e9cole primaire (\u00e9dition Sceren) et d'une fiche de Rue des \u00e9coles.","rel":"","context":"Dans &quot;Anglais&quot;","block_context":{"text":"Anglais","link":"https:\/\/www.anyssa.org\/classedesgnomes\/culture-humaniste\/anglais\/"},"img":{"alt_text":"PoZ the Queen's guard","src":"\/classedesgnomes\/wp-content\/uploads\/documents\/lutins\/poz-anglaisC2.gif","width":350,"height":200},"classes":[]}],"jetpack_sharing_enabled":true,"_links":{"self":[{"href":"https:\/\/www.anyssa.org\/classedesgnomes\/wp-json\/wp\/v2\/posts\/9285","targetHints":{"allow":["GET"]}}],"collection":[{"href":"https:\/\/www.anyssa.org\/classedesgnomes\/wp-json\/wp\/v2\/posts"}],"about":[{"href":"https:\/\/www.anyssa.org\/classedesgnomes\/wp-json\/wp\/v2\/types\/post"}],"author":[{"embeddable":true,"href":"https:\/\/www.anyssa.org\/classedesgnomes\/wp-json\/wp\/v2\/users\/2"}],"replies":[{"embeddable":true,"href":"https:\/\/www.anyssa.org\/classedesgnomes\/wp-json\/wp\/v2\/comments?post=9285"}],"version-history":[{"count":0,"href":"https:\/\/www.anyssa.org\/classedesgnomes\/wp-json\/wp\/v2\/posts\/9285\/revisions"}],"wp:featuredmedia":[{"embeddable":true,"href":"https:\/\/www.anyssa.org\/classedesgnomes\/wp-json\/wp\/v2\/media\/6590"}],"wp:attachment":[{"href":"https:\/\/www.anyssa.org\/classedesgnomes\/wp-json\/wp\/v2\/media?parent=9285"}],"wp:term":[{"taxonomy":"category","embeddable":true,"href":"https:\/\/www.anyssa.org\/classedesgnomes\/wp-json\/wp\/v2\/categories?post=9285"},{"taxonomy":"post_tag","embeddable":true,"href":"https:\/\/www.anyssa.org\/classedesgnomes\/wp-json\/wp\/v2\/tags?post=9285"}],"curies":[{"name":"wp","href":"https:\/\/api.w.org\/{rel}","templated":true}]}}