{"id":4720,"date":"2014-04-09T23:49:01","date_gmt":"2014-04-09T21:49:01","guid":{"rendered":"http:\/\/www.anyssa.org\/classedesgnomes\/?p=4720"},"modified":"2019-09-29T20:21:41","modified_gmt":"2019-09-29T18:21:41","slug":"ladjectif-qualificatif-sequence-2-ce2-et-cm1","status":"publish","type":"post","link":"https:\/\/www.anyssa.org\/classedesgnomes\/ladjectif-qualificatif-sequence-2-ce2-et-cm1\/","title":{"rendered":"L&rsquo;adjectif qualificatif (s\u00e9quence 2 &#8211; CE2 et CM1)"},"content":{"rendered":"<table style=\"width: 100%\" border=\"0\">\n<tbody>\n<tr>\n<td style=\"width: 20%\" valign=\"top\"><img decoding=\"async\" class=\"illustration alignleft\" style=\"margin-right: 40px;border-width: 0px;background-color: transparent\" title=\"PoZ grammaire\" src=\"\/classedesgnomes\/wp-content\/uploads\/documents\/imagesite\/poz-ecriture_gramm.gif\" alt=\"PoZ grammaire\" width=\"121\" height=\"150\" \/><\/td>\n<td valign=\"top\">\n<p>Je vous propose une s\u00e9quence\u00a0synth\u00e9tique sur l&rsquo;adjectif qualificatif. Elle s&rsquo;adresse \u00e0 des CE2 ou CM1 (je mets \u00e0 disposition des fiches diff\u00e9renci\u00e9es pour ces deux niveaux).<\/p>\n<p>Pour une s\u00e9quence plus compl\u00e8te de d\u00e9couverte de cette notion grammaticale, vous pouvez consulter <a title=\"L'adjectif qualificatif - s\u00e9quence CM\" href=\"http:\/\/www.anyssa.org\/classedesgnomes\/?p=407\" target=\"_blank\" rel=\"noopener noreferrer\">cet autre article<\/a>.<\/p>\n<p>Elle se d\u00e9coupe en 3 temps :<\/p>\n<blockquote>\n<ol>\n<li><strong>Une s\u00e9ance de d\u00e9couverte, avec un texte comme support d&rsquo;\u00e9tude et une fiche pour guider l&rsquo;observation,<\/strong><\/li>\n<li><strong>Une fiche d&rsquo;exercices sur la reconnaissance de l&rsquo;adjectif,<\/strong><\/li>\n<li><strong>Une fiche d&rsquo;exercices sur l&rsquo;accord de l&rsquo;adjectif avec son nom.<\/strong><\/li>\n<\/ol>\n<\/blockquote>\n<\/td>\n<\/tr>\n<\/tbody>\n<\/table>\n<table style=\"width: 100%\" border=\"0\">\n<tbody>\n<tr>\n<td style=\"width: 50%\" colspan=\"2\" valign=\"top\">\n<hr \/>\n<h3 style=\"text-align: left;padding-right: 20px\">Le mat\u00e9riel pour la s\u00e9ance de d\u00e9couverte :<\/h3>\n<ul>\n<li>Le texte d&rsquo;\u00e9tude<\/li>\n<li>La fiche pour guider l&rsquo;observation<\/li>\n<\/ul>\n<p>(Ces deux documents sont communs pour les deux niveaux.)<\/p>\n<p style=\"padding-left: 20px;text-align: left\"><a href=\"\/classedesgnomes\/wp-content\/uploads\/documents\/francais\/grammaire\/nom\/adjectifs_texte_fiche-decouverte.pdf\"><img decoding=\"async\" class=\"telechargement alignnone\" title=\"L'adjectif qualificatif - texte de d\u00e9couverte\" src=\"\/classedesgnomes\/wp-content\/uploads\/documents\/francais\/grammaire\/nom\/adjectifs_texte_fiche-decouverte.jpg\" alt=\"L'adjectif qualificatif - texte de d\u00e9couverte\" width=\"250\" height=\"170\" \/><\/a><\/p>\n<\/td>\n<\/tr>\n<tr>\n<td style=\"width: 50%\" valign=\"top\">\n<hr \/>\n<h3 style=\"text-align: left;padding-right: 20px\">Les fiches d&rsquo;exercices pour les CE2 :<\/h3>\n<p style=\"padding-left: 20px;text-align: left\"><a href=\"\/classedesgnomes\/wp-content\/uploads\/documents\/francais\/grammaire\/nom\/adjectifs_exercices-ce2.pdf\"><img decoding=\"async\" class=\"telechargement alignnone\" title=\"L'adjectif qualificatif - exercices CE2\" src=\"\/classedesgnomes\/wp-content\/uploads\/documents\/francais\/grammaire\/nom\/adjectifs_exercices-ce2.jpg\" alt=\"L'adjectif qualificatif - exercices CE2\" width=\"250\" height=\"351\" \/><\/a><\/p>\n<\/td>\n<td style=\"width: 50%\" valign=\"top\">\n<hr \/>\n<h3 style=\"text-align: left;padding-right: 20px\">Les fiches d&rsquo;exercices pour les CM1 :<\/h3>\n<p style=\"padding-left: 20px;text-align: left\"><a href=\"\/classedesgnomes\/wp-content\/uploads\/documents\/francais\/grammaire\/nom\/adjectifs_exercices-cm1.pdf\"><img decoding=\"async\" class=\"telechargement alignnone\" title=\"L'adjectif qualificatif - Fiches d'exercices CM1\" src=\"\/classedesgnomes\/wp-content\/uploads\/documents\/francais\/grammaire\/nom\/adjectifs_exercices-cm1.jpg\" alt=\"L'adjectif qualificatif - Fiches d'exercices CM1\" width=\"250\" height=\"351\" \/><\/a><\/p>\n<\/td>\n<\/tr>\n<\/tbody>\n<\/table>\n<table style=\"width: 100%\">\n<tbody>\n<tr>\n<td style=\"vertical-align: top\">\n<hr \/>\n<h3>T\u00e9l\u00e9chargez les documents modifiables :<\/h3>\n<p><a title=\"L'adjectif - le mat\u00e9riel modifiable\" href=\"\/classedesgnomes\/wp-content\/uploads\/documents\/francais\/grammaire\/nom\/adjectifs_texte_exercices.pub\"><img decoding=\"async\" class=\"telechargement alignleft\" style=\"border: 0pt none\" title=\"PoZ fichiers modifiables\" src=\"\/classedesgnomes\/wp-content\/uploads\/documents\/imagesite\/poz-pancarteC_fichiersmodif.gif\" alt=\"PoZ fichiers modifiables\" width=\"176\" height=\"150\" \/><\/a><\/p>\n<\/td>\n<\/tr>\n<\/tbody>\n<\/table>\n<table style=\"width: 100%\">\n<tbody>\n<tr>\n<td>\n<hr \/>\n<h3>D&rsquo;autres s\u00e9quences en lien avec celle-ci :<\/h3>\n<p><span style=\"color: #990066\"><img decoding=\"async\" class=\"illustration alignleft\" style=\"float: left;border-width: 0px;background-color: transparent\" title=\"Autre article\" src=\"\/classedesgnomes\/wp-content\/uploads\/documents\/imagesite\/archive_search48.png\" alt=\"Autre article\" width=\"48\" height=\"38\" \/>Avant l&rsquo;\u00e9tude de l&rsquo;adjectif, je m\u00e8ne une<strong> s\u00e9quence d&rsquo;introduction sur les expansions du nom, que vous pourrez d\u00e9couvrir dans l&rsquo;article <a title=\"Les expansions du nom (introduction \u00e0 la notion)\" href=\"http:\/\/www.anyssa.org\/classedesgnomes\/les-expansions-du-nom-intro\/\" target=\"_blank\" rel=\"noopener noreferrer\">Les expansions du nom (introduction)<\/a><\/strong>.<\/span><\/p>\n<p><span style=\"color: #990066\"><img decoding=\"async\" class=\"illustration alignleft\" style=\"float: left;border-width: 0px;background-color: transparent\" title=\"Autre article\" src=\"\/classedesgnomes\/wp-content\/uploads\/documents\/imagesite\/archive_search48.png\" alt=\"Autre article\" width=\"48\" height=\"38\" \/>Pour compl\u00e9ter la s\u00e9quence sur l&rsquo;adjectif, d\u00e9couvrez <strong>l&rsquo;article sur les deux autres expansions du nom<\/strong> <strong><a title=\"Les expansions du nom (CN et PSR) (CM2)\" href=\"http:\/\/www.anyssa.org\/classedesgnomes\/les-expansions-du-nom\/\" target=\"_blank\" rel=\"noopener noreferrer\">(le compl\u00e9ment du nom et la proposition subordonn\u00e9e relative)<\/a><\/strong>.<\/span><\/p>\n<\/td>\n<td><\/td>\n<\/tr>\n<\/tbody>\n<\/table>\n","protected":false},"excerpt":{"rendered":"<p>Je vous propose une s\u00e9quence synth\u00e9tique sur l&rsquo;adjectif qualificatif. Elle s&rsquo;adresse \u00e0 des CE2 ou CM1 (je mets \u00e0 disposition des fiches diff\u00e9renci\u00e9es pour ces deux niveaux). Elle se d\u00e9coupe en 3 temps : une s\u00e9ance de d\u00e9couverte, avec un texte comme support d&rsquo;\u00e9tude et une fiche pour guider l&rsquo;observation, une fiche d&rsquo;exercices sur la reconnaissance de l&rsquo;adjectif, une fiche d&rsquo;exercices sur l&rsquo;accord de l&rsquo;adjectif avec son nom.<\/p>\n<p><a class=\"more-link\" href=\"https:\/\/www.anyssa.org\/classedesgnomes\/ladjectif-qualificatif-sequence-2-ce2-et-cm1\/\">        &#x2192;<\/a><\/p>\n","protected":false},"author":2,"featured_media":12707,"comment_status":"open","ping_status":"open","sticky":false,"template":"","format":"standard","meta":{"jetpack_post_was_ever_published":false,"_jetpack_newsletter_access":"","_jetpack_dont_email_post_to_subs":false,"_jetpack_newsletter_tier_id":0,"_jetpack_memberships_contains_paywalled_content":false,"_jetpack_memberships_contains_paid_content":false,"footnotes":""},"categories":[22],"tags":[45],"class_list":["entry","author-anyssa","has-excerpt","post-4720","post","type-post","status-publish","format-standard","has-post-thumbnail","category-le-gp-nominal","tag-fonction"],"yoast_head":"<!-- This site is optimized with the Yoast SEO plugin v27.4 - https:\/\/yoast.com\/product\/yoast-seo-wordpress\/ -->\n<title>L&#039;adjectif qualificatif (s\u00e9quence 2 - CE2 et CM1) ~ La Classe des gnomes<\/title>\n<meta name=\"description\" content=\"Je vous propose une s\u00e9quence synth\u00e9tique sur l&#039;adjectif qualificatif. Elle s&#039;adresse \u00e0 des CE2 ou CM1 (je mets \u00e0 disposition des fiches diff\u00e9renci\u00e9es pour ces deux niveaux). Elle se d\u00e9coupe en 3 temps : une s\u00e9ance de d\u00e9couverte, avec un texte comme support d&#039;\u00e9tude et une fiche pour guider l&#039;observation, une fiche d&#039;exercices sur la reconnaissance de l&#039;adjectif, une fiche d&#039;exercices sur l&#039;accord de l&#039;adjectif avec son nom.\" \/>\n<meta name=\"robots\" content=\"index, follow, max-snippet:-1, max-image-preview:large, max-video-preview:-1\" \/>\n<link rel=\"canonical\" href=\"https:\/\/www.anyssa.org\/classedesgnomes\/ladjectif-qualificatif-sequence-2-ce2-et-cm1\/\" \/>\n<meta property=\"og:locale\" content=\"fr_FR\" \/>\n<meta property=\"og:type\" content=\"article\" \/>\n<meta property=\"og:title\" content=\"L&#039;adjectif qualificatif (s\u00e9quence 2 - CE2 et CM1) ~ La Classe des gnomes\" \/>\n<meta property=\"og:description\" content=\"Je vous propose une s\u00e9quence synth\u00e9tique sur l&#039;adjectif qualificatif. Elle s&#039;adresse \u00e0 des CE2 ou CM1 (je mets \u00e0 disposition des fiches diff\u00e9renci\u00e9es pour ces deux niveaux). Elle se d\u00e9coupe en 3 temps : une s\u00e9ance de d\u00e9couverte, avec un texte comme support d&#039;\u00e9tude et une fiche pour guider l&#039;observation, une fiche d&#039;exercices sur la reconnaissance de l&#039;adjectif, une fiche d&#039;exercices sur l&#039;accord de l&#039;adjectif avec son nom.\" \/>\n<meta property=\"og:url\" content=\"https:\/\/www.anyssa.org\/classedesgnomes\/ladjectif-qualificatif-sequence-2-ce2-et-cm1\/\" \/>\n<meta property=\"og:site_name\" content=\"La Classe des gnomes\" \/>\n<meta property=\"article:published_time\" content=\"2014-04-09T21:49:01+00:00\" \/>\n<meta property=\"article:modified_time\" content=\"2019-09-29T18:21:41+00:00\" \/>\n<meta property=\"og:image\" content=\"https:\/\/i0.wp.com\/www.anyssa.org\/classedesgnomes\/wp-content\/uploads\/2012\/05\/poz-ecriture.jpg?fit=400%2C300&ssl=1\" \/>\n\t<meta property=\"og:image:width\" content=\"400\" \/>\n\t<meta property=\"og:image:height\" content=\"300\" \/>\n\t<meta property=\"og:image:type\" content=\"image\/jpeg\" \/>\n<meta name=\"author\" content=\"Anyssa\" \/>\n<meta name=\"twitter:card\" content=\"summary_large_image\" \/>\n<meta name=\"twitter:creator\" content=\"@Anyssa_SE\" \/>\n<meta name=\"twitter:site\" content=\"@Anyssa_SE\" \/>\n<meta name=\"twitter:label1\" content=\"\u00c9crit par\" \/>\n\t<meta name=\"twitter:data1\" content=\"Anyssa\" \/>\n\t<meta name=\"twitter:label2\" content=\"Dur\u00e9e de lecture estim\u00e9e\" \/>\n\t<meta name=\"twitter:data2\" content=\"1 minute\" \/>\n<script type=\"application\/ld+json\" class=\"yoast-schema-graph\">{\"@context\":\"https:\\\/\\\/schema.org\",\"@graph\":[{\"@type\":\"Article\",\"@id\":\"https:\\\/\\\/www.anyssa.org\\\/classedesgnomes\\\/ladjectif-qualificatif-sequence-2-ce2-et-cm1\\\/#article\",\"isPartOf\":{\"@id\":\"https:\\\/\\\/www.anyssa.org\\\/classedesgnomes\\\/ladjectif-qualificatif-sequence-2-ce2-et-cm1\\\/\"},\"author\":{\"name\":\"Anyssa\",\"@id\":\"https:\\\/\\\/www.anyssa.org\\\/classedesgnomes\\\/#\\\/schema\\\/person\\\/239c912ae4cbab448627207cdde96371\"},\"headline\":\"L&rsquo;adjectif qualificatif (s\u00e9quence 2 &#8211; CE2 et CM1)\",\"datePublished\":\"2014-04-09T21:49:01+00:00\",\"dateModified\":\"2019-09-29T18:21:41+00:00\",\"mainEntityOfPage\":{\"@id\":\"https:\\\/\\\/www.anyssa.org\\\/classedesgnomes\\\/ladjectif-qualificatif-sequence-2-ce2-et-cm1\\\/\"},\"wordCount\":229,\"commentCount\":7,\"publisher\":{\"@id\":\"https:\\\/\\\/www.anyssa.org\\\/classedesgnomes\\\/#\\\/schema\\\/person\\\/239c912ae4cbab448627207cdde96371\"},\"image\":{\"@id\":\"https:\\\/\\\/www.anyssa.org\\\/classedesgnomes\\\/ladjectif-qualificatif-sequence-2-ce2-et-cm1\\\/#primaryimage\"},\"thumbnailUrl\":\"https:\\\/\\\/i0.wp.com\\\/www.anyssa.org\\\/classedesgnomes\\\/wp-content\\\/uploads\\\/2012\\\/05\\\/poz-ecriture.jpg?fit=400%2C300&ssl=1\",\"keywords\":[\"Fonctions\"],\"articleSection\":[\"Le gp nominal\"],\"inLanguage\":\"fr-FR\",\"potentialAction\":[{\"@type\":\"CommentAction\",\"name\":\"Comment\",\"target\":[\"https:\\\/\\\/www.anyssa.org\\\/classedesgnomes\\\/ladjectif-qualificatif-sequence-2-ce2-et-cm1\\\/#respond\"]}]},{\"@type\":\"WebPage\",\"@id\":\"https:\\\/\\\/www.anyssa.org\\\/classedesgnomes\\\/ladjectif-qualificatif-sequence-2-ce2-et-cm1\\\/\",\"url\":\"https:\\\/\\\/www.anyssa.org\\\/classedesgnomes\\\/ladjectif-qualificatif-sequence-2-ce2-et-cm1\\\/\",\"name\":\"L'adjectif qualificatif (s\u00e9quence 2 - CE2 et CM1) ~ La Classe des gnomes\",\"isPartOf\":{\"@id\":\"https:\\\/\\\/www.anyssa.org\\\/classedesgnomes\\\/#website\"},\"primaryImageOfPage\":{\"@id\":\"https:\\\/\\\/www.anyssa.org\\\/classedesgnomes\\\/ladjectif-qualificatif-sequence-2-ce2-et-cm1\\\/#primaryimage\"},\"image\":{\"@id\":\"https:\\\/\\\/www.anyssa.org\\\/classedesgnomes\\\/ladjectif-qualificatif-sequence-2-ce2-et-cm1\\\/#primaryimage\"},\"thumbnailUrl\":\"https:\\\/\\\/i0.wp.com\\\/www.anyssa.org\\\/classedesgnomes\\\/wp-content\\\/uploads\\\/2012\\\/05\\\/poz-ecriture.jpg?fit=400%2C300&ssl=1\",\"datePublished\":\"2014-04-09T21:49:01+00:00\",\"dateModified\":\"2019-09-29T18:21:41+00:00\",\"description\":\"Je vous propose une s\u00e9quence synth\u00e9tique sur l'adjectif qualificatif. Elle s'adresse \u00e0 des CE2 ou CM1 (je mets \u00e0 disposition des fiches diff\u00e9renci\u00e9es pour ces deux niveaux). Elle se d\u00e9coupe en 3 temps : une s\u00e9ance de d\u00e9couverte, avec un texte comme support d'\u00e9tude et une fiche pour guider l'observation, une fiche d'exercices sur la reconnaissance de l'adjectif, une fiche d'exercices sur l'accord de l'adjectif avec son nom.\",\"breadcrumb\":{\"@id\":\"https:\\\/\\\/www.anyssa.org\\\/classedesgnomes\\\/ladjectif-qualificatif-sequence-2-ce2-et-cm1\\\/#breadcrumb\"},\"inLanguage\":\"fr-FR\",\"potentialAction\":[{\"@type\":\"ReadAction\",\"target\":[\"https:\\\/\\\/www.anyssa.org\\\/classedesgnomes\\\/ladjectif-qualificatif-sequence-2-ce2-et-cm1\\\/\"]}]},{\"@type\":\"ImageObject\",\"inLanguage\":\"fr-FR\",\"@id\":\"https:\\\/\\\/www.anyssa.org\\\/classedesgnomes\\\/ladjectif-qualificatif-sequence-2-ce2-et-cm1\\\/#primaryimage\",\"url\":\"https:\\\/\\\/i0.wp.com\\\/www.anyssa.org\\\/classedesgnomes\\\/wp-content\\\/uploads\\\/2012\\\/05\\\/poz-ecriture.jpg?fit=400%2C300&ssl=1\",\"contentUrl\":\"https:\\\/\\\/i0.wp.com\\\/www.anyssa.org\\\/classedesgnomes\\\/wp-content\\\/uploads\\\/2012\\\/05\\\/poz-ecriture.jpg?fit=400%2C300&ssl=1\",\"width\":400,\"height\":300},{\"@type\":\"BreadcrumbList\",\"@id\":\"https:\\\/\\\/www.anyssa.org\\\/classedesgnomes\\\/ladjectif-qualificatif-sequence-2-ce2-et-cm1\\\/#breadcrumb\",\"itemListElement\":[{\"@type\":\"ListItem\",\"position\":1,\"name\":\"Accueil\",\"item\":\"https:\\\/\\\/www.anyssa.org\\\/classedesgnomes\\\/\"},{\"@type\":\"ListItem\",\"position\":2,\"name\":\"L&rsquo;adjectif qualificatif (s\u00e9quence 2 &#8211; CE2 et CM1)\"}]},{\"@type\":\"WebSite\",\"@id\":\"https:\\\/\\\/www.anyssa.org\\\/classedesgnomes\\\/#website\",\"url\":\"https:\\\/\\\/www.anyssa.org\\\/classedesgnomes\\\/\",\"name\":\"La Classe des gnomes\",\"description\":\"Des ressources pour la maternelle et l&#039;\u00e9l\u00e9mentaire\",\"publisher\":{\"@id\":\"https:\\\/\\\/www.anyssa.org\\\/classedesgnomes\\\/#\\\/schema\\\/person\\\/239c912ae4cbab448627207cdde96371\"},\"potentialAction\":[{\"@type\":\"SearchAction\",\"target\":{\"@type\":\"EntryPoint\",\"urlTemplate\":\"https:\\\/\\\/www.anyssa.org\\\/classedesgnomes\\\/?s={search_term_string}\"},\"query-input\":{\"@type\":\"PropertyValueSpecification\",\"valueRequired\":true,\"valueName\":\"search_term_string\"}}],\"inLanguage\":\"fr-FR\"},{\"@type\":[\"Person\",\"Organization\"],\"@id\":\"https:\\\/\\\/www.anyssa.org\\\/classedesgnomes\\\/#\\\/schema\\\/person\\\/239c912ae4cbab448627207cdde96371\",\"name\":\"Anyssa\",\"image\":{\"@type\":\"ImageObject\",\"inLanguage\":\"fr-FR\",\"@id\":\"https:\\\/\\\/i0.wp.com\\\/www.anyssa.org\\\/classedesgnomes\\\/wp-content\\\/uploads\\\/2018\\\/09\\\/cropped-lutine_1_C02.jpg?fit=512%2C512&ssl=1\",\"url\":\"https:\\\/\\\/i0.wp.com\\\/www.anyssa.org\\\/classedesgnomes\\\/wp-content\\\/uploads\\\/2018\\\/09\\\/cropped-lutine_1_C02.jpg?fit=512%2C512&ssl=1\",\"contentUrl\":\"https:\\\/\\\/i0.wp.com\\\/www.anyssa.org\\\/classedesgnomes\\\/wp-content\\\/uploads\\\/2018\\\/09\\\/cropped-lutine_1_C02.jpg?fit=512%2C512&ssl=1\",\"width\":512,\"height\":512,\"caption\":\"Anyssa\"},\"logo\":{\"@id\":\"https:\\\/\\\/i0.wp.com\\\/www.anyssa.org\\\/classedesgnomes\\\/wp-content\\\/uploads\\\/2018\\\/09\\\/cropped-lutine_1_C02.jpg?fit=512%2C512&ssl=1\"},\"sameAs\":[\"http:\\\/\\\/www.anyssa.org\\\/classedesgnomes\\\/\"]}]}<\/script>\n<!-- \/ Yoast SEO plugin. -->","yoast_head_json":{"title":"L'adjectif qualificatif (s\u00e9quence 2 - CE2 et CM1) ~ La Classe des gnomes","description":"Je vous propose une s\u00e9quence synth\u00e9tique sur l'adjectif qualificatif. Elle s'adresse \u00e0 des CE2 ou CM1 (je mets \u00e0 disposition des fiches diff\u00e9renci\u00e9es pour ces deux niveaux). Elle se d\u00e9coupe en 3 temps : une s\u00e9ance de d\u00e9couverte, avec un texte comme support d'\u00e9tude et une fiche pour guider l'observation, une fiche d'exercices sur la reconnaissance de l'adjectif, une fiche d'exercices sur l'accord de l'adjectif avec son nom.","robots":{"index":"index","follow":"follow","max-snippet":"max-snippet:-1","max-image-preview":"max-image-preview:large","max-video-preview":"max-video-preview:-1"},"canonical":"https:\/\/www.anyssa.org\/classedesgnomes\/ladjectif-qualificatif-sequence-2-ce2-et-cm1\/","og_locale":"fr_FR","og_type":"article","og_title":"L'adjectif qualificatif (s\u00e9quence 2 - CE2 et CM1) ~ La Classe des gnomes","og_description":"Je vous propose une s\u00e9quence synth\u00e9tique sur l'adjectif qualificatif. Elle s'adresse \u00e0 des CE2 ou CM1 (je mets \u00e0 disposition des fiches diff\u00e9renci\u00e9es pour ces deux niveaux). Elle se d\u00e9coupe en 3 temps : une s\u00e9ance de d\u00e9couverte, avec un texte comme support d'\u00e9tude et une fiche pour guider l'observation, une fiche d'exercices sur la reconnaissance de l'adjectif, une fiche d'exercices sur l'accord de l'adjectif avec son nom.","og_url":"https:\/\/www.anyssa.org\/classedesgnomes\/ladjectif-qualificatif-sequence-2-ce2-et-cm1\/","og_site_name":"La Classe des gnomes","article_published_time":"2014-04-09T21:49:01+00:00","article_modified_time":"2019-09-29T18:21:41+00:00","og_image":[{"width":400,"height":300,"url":"https:\/\/i0.wp.com\/www.anyssa.org\/classedesgnomes\/wp-content\/uploads\/2012\/05\/poz-ecriture.jpg?fit=400%2C300&ssl=1","type":"image\/jpeg"}],"author":"Anyssa","twitter_card":"summary_large_image","twitter_creator":"@Anyssa_SE","twitter_site":"@Anyssa_SE","twitter_misc":{"\u00c9crit par":"Anyssa","Dur\u00e9e de lecture estim\u00e9e":"1 minute"},"schema":{"@context":"https:\/\/schema.org","@graph":[{"@type":"Article","@id":"https:\/\/www.anyssa.org\/classedesgnomes\/ladjectif-qualificatif-sequence-2-ce2-et-cm1\/#article","isPartOf":{"@id":"https:\/\/www.anyssa.org\/classedesgnomes\/ladjectif-qualificatif-sequence-2-ce2-et-cm1\/"},"author":{"name":"Anyssa","@id":"https:\/\/www.anyssa.org\/classedesgnomes\/#\/schema\/person\/239c912ae4cbab448627207cdde96371"},"headline":"L&rsquo;adjectif qualificatif (s\u00e9quence 2 &#8211; CE2 et CM1)","datePublished":"2014-04-09T21:49:01+00:00","dateModified":"2019-09-29T18:21:41+00:00","mainEntityOfPage":{"@id":"https:\/\/www.anyssa.org\/classedesgnomes\/ladjectif-qualificatif-sequence-2-ce2-et-cm1\/"},"wordCount":229,"commentCount":7,"publisher":{"@id":"https:\/\/www.anyssa.org\/classedesgnomes\/#\/schema\/person\/239c912ae4cbab448627207cdde96371"},"image":{"@id":"https:\/\/www.anyssa.org\/classedesgnomes\/ladjectif-qualificatif-sequence-2-ce2-et-cm1\/#primaryimage"},"thumbnailUrl":"https:\/\/i0.wp.com\/www.anyssa.org\/classedesgnomes\/wp-content\/uploads\/2012\/05\/poz-ecriture.jpg?fit=400%2C300&ssl=1","keywords":["Fonctions"],"articleSection":["Le gp nominal"],"inLanguage":"fr-FR","potentialAction":[{"@type":"CommentAction","name":"Comment","target":["https:\/\/www.anyssa.org\/classedesgnomes\/ladjectif-qualificatif-sequence-2-ce2-et-cm1\/#respond"]}]},{"@type":"WebPage","@id":"https:\/\/www.anyssa.org\/classedesgnomes\/ladjectif-qualificatif-sequence-2-ce2-et-cm1\/","url":"https:\/\/www.anyssa.org\/classedesgnomes\/ladjectif-qualificatif-sequence-2-ce2-et-cm1\/","name":"L'adjectif qualificatif (s\u00e9quence 2 - CE2 et CM1) ~ La Classe des gnomes","isPartOf":{"@id":"https:\/\/www.anyssa.org\/classedesgnomes\/#website"},"primaryImageOfPage":{"@id":"https:\/\/www.anyssa.org\/classedesgnomes\/ladjectif-qualificatif-sequence-2-ce2-et-cm1\/#primaryimage"},"image":{"@id":"https:\/\/www.anyssa.org\/classedesgnomes\/ladjectif-qualificatif-sequence-2-ce2-et-cm1\/#primaryimage"},"thumbnailUrl":"https:\/\/i0.wp.com\/www.anyssa.org\/classedesgnomes\/wp-content\/uploads\/2012\/05\/poz-ecriture.jpg?fit=400%2C300&ssl=1","datePublished":"2014-04-09T21:49:01+00:00","dateModified":"2019-09-29T18:21:41+00:00","description":"Je vous propose une s\u00e9quence synth\u00e9tique sur l'adjectif qualificatif. Elle s'adresse \u00e0 des CE2 ou CM1 (je mets \u00e0 disposition des fiches diff\u00e9renci\u00e9es pour ces deux niveaux). Elle se d\u00e9coupe en 3 temps : une s\u00e9ance de d\u00e9couverte, avec un texte comme support d'\u00e9tude et une fiche pour guider l'observation, une fiche d'exercices sur la reconnaissance de l'adjectif, une fiche d'exercices sur l'accord de l'adjectif avec son nom.","breadcrumb":{"@id":"https:\/\/www.anyssa.org\/classedesgnomes\/ladjectif-qualificatif-sequence-2-ce2-et-cm1\/#breadcrumb"},"inLanguage":"fr-FR","potentialAction":[{"@type":"ReadAction","target":["https:\/\/www.anyssa.org\/classedesgnomes\/ladjectif-qualificatif-sequence-2-ce2-et-cm1\/"]}]},{"@type":"ImageObject","inLanguage":"fr-FR","@id":"https:\/\/www.anyssa.org\/classedesgnomes\/ladjectif-qualificatif-sequence-2-ce2-et-cm1\/#primaryimage","url":"https:\/\/i0.wp.com\/www.anyssa.org\/classedesgnomes\/wp-content\/uploads\/2012\/05\/poz-ecriture.jpg?fit=400%2C300&ssl=1","contentUrl":"https:\/\/i0.wp.com\/www.anyssa.org\/classedesgnomes\/wp-content\/uploads\/2012\/05\/poz-ecriture.jpg?fit=400%2C300&ssl=1","width":400,"height":300},{"@type":"BreadcrumbList","@id":"https:\/\/www.anyssa.org\/classedesgnomes\/ladjectif-qualificatif-sequence-2-ce2-et-cm1\/#breadcrumb","itemListElement":[{"@type":"ListItem","position":1,"name":"Accueil","item":"https:\/\/www.anyssa.org\/classedesgnomes\/"},{"@type":"ListItem","position":2,"name":"L&rsquo;adjectif qualificatif (s\u00e9quence 2 &#8211; CE2 et CM1)"}]},{"@type":"WebSite","@id":"https:\/\/www.anyssa.org\/classedesgnomes\/#website","url":"https:\/\/www.anyssa.org\/classedesgnomes\/","name":"La Classe des gnomes","description":"Des ressources pour la maternelle et l&#039;\u00e9l\u00e9mentaire","publisher":{"@id":"https:\/\/www.anyssa.org\/classedesgnomes\/#\/schema\/person\/239c912ae4cbab448627207cdde96371"},"potentialAction":[{"@type":"SearchAction","target":{"@type":"EntryPoint","urlTemplate":"https:\/\/www.anyssa.org\/classedesgnomes\/?s={search_term_string}"},"query-input":{"@type":"PropertyValueSpecification","valueRequired":true,"valueName":"search_term_string"}}],"inLanguage":"fr-FR"},{"@type":["Person","Organization"],"@id":"https:\/\/www.anyssa.org\/classedesgnomes\/#\/schema\/person\/239c912ae4cbab448627207cdde96371","name":"Anyssa","image":{"@type":"ImageObject","inLanguage":"fr-FR","@id":"https:\/\/i0.wp.com\/www.anyssa.org\/classedesgnomes\/wp-content\/uploads\/2018\/09\/cropped-lutine_1_C02.jpg?fit=512%2C512&ssl=1","url":"https:\/\/i0.wp.com\/www.anyssa.org\/classedesgnomes\/wp-content\/uploads\/2018\/09\/cropped-lutine_1_C02.jpg?fit=512%2C512&ssl=1","contentUrl":"https:\/\/i0.wp.com\/www.anyssa.org\/classedesgnomes\/wp-content\/uploads\/2018\/09\/cropped-lutine_1_C02.jpg?fit=512%2C512&ssl=1","width":512,"height":512,"caption":"Anyssa"},"logo":{"@id":"https:\/\/i0.wp.com\/www.anyssa.org\/classedesgnomes\/wp-content\/uploads\/2018\/09\/cropped-lutine_1_C02.jpg?fit=512%2C512&ssl=1"},"sameAs":["http:\/\/www.anyssa.org\/classedesgnomes\/"]}]}},"jetpack_featured_media_url":"https:\/\/i0.wp.com\/www.anyssa.org\/classedesgnomes\/wp-content\/uploads\/2012\/05\/poz-ecriture.jpg?fit=400%2C300&ssl=1","jetpack_likes_enabled":true,"jetpack-related-posts":[{"id":407,"url":"https:\/\/www.anyssa.org\/classedesgnomes\/ladjectif-qualificatif\/","url_meta":{"origin":4720,"position":0},"title":"L&rsquo;adjectif qualificatif (s\u00e9quence 1 &#8211; pour des CM)","author":"Anyssa","date":"1 mai 2012","format":false,"excerpt":"Vous trouverez dans cet article une s\u00e9quence compl\u00e8te sur l'adjectif qualificatif, pour des classes de CM.","rel":"","context":"Dans &quot;Le gp nominal&quot;","block_context":{"text":"Le gp nominal","link":"https:\/\/www.anyssa.org\/classedesgnomes\/etude-de-la-langue\/grammaire\/le-gp-nominal\/"},"img":{"alt_text":"","src":"https:\/\/i0.wp.com\/www.anyssa.org\/classedesgnomes\/wp-content\/uploads\/2012\/05\/poz-ecriture.jpg?fit=400%2C300&ssl=1&resize=350%2C200","width":350,"height":200},"classes":[]},{"id":2360,"url":"https:\/\/www.anyssa.org\/classedesgnomes\/ce1-la-fonction-sujet\/","url_meta":{"origin":4720,"position":1},"title":"CE1 &#8211; La fonction sujet","author":"Anyssa","date":"3 juillet 2012","format":false,"excerpt":"Aborder la fonction de groupe sujet en CE1 : 1\/ rep\u00e9rer de qui on parle dans la phrase, 2\/ savoir comment rep\u00e9rer le groupe sujet dans la phrase.","rel":"","context":"Dans &quot;Grammaire CE1&quot;","block_context":{"text":"Grammaire CE1","link":"https:\/\/www.anyssa.org\/classedesgnomes\/ce1\/francais-ce1\/grammaire-ce1\/"},"img":{"alt_text":"","src":"https:\/\/i0.wp.com\/www.anyssa.org\/classedesgnomes\/wp-content\/uploads\/2012\/07\/fonction-sujet.jpg?fit=400%2C300&ssl=1&resize=350%2C200","width":350,"height":200},"classes":[]},{"id":448,"url":"https:\/\/www.anyssa.org\/classedesgnomes\/le-groupe-sujet-cm2\/","url_meta":{"origin":4720,"position":2},"title":"Le groupe sujet (r\u00e9vision CM2)","author":"Anyssa","date":"2 mai 2012","format":false,"excerpt":"Cette s\u00e9quence CM2 a pour objectif de r\u00e9viser la notion de groupe sujet. 1. Rep\u00e9rer le groupe sujet, \u00e0 l'aide de la tournure \"C'est ... qui + verbe conjugu\u00e9\" ; 2. Observer des sujets particuliers (phrase imp\u00e9rative, sujet invers\u00e9) ; 3. Distinguer la nature grammaticale des groupes sujets.","rel":"","context":"Dans &quot;Le gp verbal&quot;","block_context":{"text":"Le gp verbal","link":"https:\/\/www.anyssa.org\/classedesgnomes\/etude-de-la-langue\/grammaire\/le-gp-verbal\/"},"img":{"alt_text":"","src":"https:\/\/i0.wp.com\/www.anyssa.org\/classedesgnomes\/wp-content\/uploads\/2012\/05\/sujet_oedipe_sequence_min.jpg?fit=400%2C300&ssl=1&resize=350%2C200","width":350,"height":200},"classes":[]},{"id":608,"url":"https:\/\/www.anyssa.org\/classedesgnomes\/les-familles-de-mots\/","url_meta":{"origin":4720,"position":3},"title":"Les familles de mots (la d\u00e9rivation)","author":"Anyssa","date":"2 mai 2012","format":false,"excerpt":"Je propose dans cet article divers documents que j'ai cr\u00e9\u00e9s pour \u00e9tudier la notion de familles de mots, dans les 3 niveaux du cycle 3.","rel":"","context":"Dans &quot;Vocabulaire&quot;","block_context":{"text":"Vocabulaire","link":"https:\/\/www.anyssa.org\/classedesgnomes\/etude-de-la-langue\/vocabulaire\/"},"img":{"alt_text":"PoZ grammaire","src":"\/classedesgnomes\/wp-content\/uploads\/documents\/imagesite\/poz-ecriture_voc.gif","width":350,"height":200},"classes":[]},{"id":8513,"url":"https:\/\/www.anyssa.org\/classedesgnomes\/le-groupe-sujet-decouverte-ce2\/","url_meta":{"origin":4720,"position":4},"title":"Le groupe sujet &#8211; D\u00e9couverte &#8211; CE2","author":"Anyssa","date":"25 mai 2015","format":false,"excerpt":"J'ai men\u00e9 une s\u00e9ance de d\u00e9couverte en CE2 lors d'un remplacement court. Je publie ici les documents que j'ai cr\u00e9\u00e9s \u00e0 cette occasion. Il ne s'agit pas ici de mener une s\u00e9quence compl\u00e8te de d\u00e9couverte sur le groupe sujet, mais plut\u00f4t de sensibiliser \u00e0 cette notion.","rel":"","context":"Dans &quot;La phrase&quot;","block_context":{"text":"La phrase","link":"https:\/\/www.anyssa.org\/classedesgnomes\/etude-de-la-langue\/grammaire\/la-phrase\/"},"img":{"alt_text":"La d\u00e9couverte du groupe sujet","src":"https:\/\/i0.wp.com\/www.anyssa.org\/classedesgnomes\/wp-content\/uploads\/2015\/05\/GS-ce2_texte-decouverte_min.jpg?fit=400%2C300&ssl=1&resize=350%2C200","width":350,"height":200},"classes":[]},{"id":11,"url":"https:\/\/www.anyssa.org\/classedesgnomes\/qu-est-ce-qu-une-phrase\/","url_meta":{"origin":4720,"position":5},"title":"Qu&rsquo;est-ce qu&rsquo;une phrase ?","author":"Anyssa","date":"24 avril 2012","format":false,"excerpt":"Cette s\u00e9quence de pr\u00e9sentation de la phrase a a pour objectif de rep\u00e9rer les conditions formelles de la phrase grammaticale. Elle est suivie d'une s\u00e9quence sur les types de phrases.","rel":"","context":"Dans &quot;La phrase&quot;","block_context":{"text":"La phrase","link":"https:\/\/www.anyssa.org\/classedesgnomes\/etude-de-la-langue\/grammaire\/la-phrase\/"},"img":{"alt_text":"PoZ grammaire","src":"\/classedesgnomes\/wp-content\/uploads\/documents\/imagesite\/poz-ecriture_gramm.gif","width":350,"height":200},"classes":[]}],"jetpack_sharing_enabled":true,"_links":{"self":[{"href":"https:\/\/www.anyssa.org\/classedesgnomes\/wp-json\/wp\/v2\/posts\/4720","targetHints":{"allow":["GET"]}}],"collection":[{"href":"https:\/\/www.anyssa.org\/classedesgnomes\/wp-json\/wp\/v2\/posts"}],"about":[{"href":"https:\/\/www.anyssa.org\/classedesgnomes\/wp-json\/wp\/v2\/types\/post"}],"author":[{"embeddable":true,"href":"https:\/\/www.anyssa.org\/classedesgnomes\/wp-json\/wp\/v2\/users\/2"}],"replies":[{"embeddable":true,"href":"https:\/\/www.anyssa.org\/classedesgnomes\/wp-json\/wp\/v2\/comments?post=4720"}],"version-history":[{"count":0,"href":"https:\/\/www.anyssa.org\/classedesgnomes\/wp-json\/wp\/v2\/posts\/4720\/revisions"}],"wp:featuredmedia":[{"embeddable":true,"href":"https:\/\/www.anyssa.org\/classedesgnomes\/wp-json\/wp\/v2\/media\/12707"}],"wp:attachment":[{"href":"https:\/\/www.anyssa.org\/classedesgnomes\/wp-json\/wp\/v2\/media?parent=4720"}],"wp:term":[{"taxonomy":"category","embeddable":true,"href":"https:\/\/www.anyssa.org\/classedesgnomes\/wp-json\/wp\/v2\/categories?post=4720"},{"taxonomy":"post_tag","embeddable":true,"href":"https:\/\/www.anyssa.org\/classedesgnomes\/wp-json\/wp\/v2\/tags?post=4720"}],"curies":[{"name":"wp","href":"https:\/\/api.w.org\/{rel}","templated":true}]}}