{"id":3690,"date":"2013-06-17T22:16:49","date_gmt":"2013-06-17T20:16:49","guid":{"rendered":"http:\/\/www.anyssa.org\/classedesgnomes\/?p=3690"},"modified":"2019-10-01T19:36:10","modified_gmt":"2019-10-01T17:36:10","slug":"le-moyen-age-en-lecture","status":"publish","type":"post","link":"https:\/\/www.anyssa.org\/classedesgnomes\/le-moyen-age-en-lecture\/","title":{"rendered":"Le Moyen \u00c2ge en lecture"},"content":{"rendered":"<p>Pour accompagner l&rsquo;\u00e9tude du Moyen \u00c2ge en histoire, je propose \u00e0 mes \u00e9l\u00e8ves quelques lectures :<a title=\"PoZie damoiselle du Moyen-Age\" href=\"\/classedesgnomes\/wp-content\/uploads\/documents\/lutins\/lutins-png\/pozie-damoiselleC.png\" target=\"_blank\" rel=\"noopener noreferrer\"><img data-recalc-dims=\"1\" decoding=\"async\" class=\"illustration alignleft wp-image-5573 size-full\" style=\"float: right;border-width: 0px;background-color: transparent;margin-left: 15px\" title=\"PoZie damoiselle du Moyen-Age\" src=\"https:\/\/i0.wp.com\/www.anyssa.org\/classedesgnomes\/wp-content\/uploads\/2014\/08\/pozie-damoiselleC200.png?resize=124%2C200\" alt=\"PoZie damoiselle du Moyen-Age\" width=\"124\" height=\"200\" srcset=\"https:\/\/i0.wp.com\/www.anyssa.org\/classedesgnomes\/wp-content\/uploads\/2014\/08\/pozie-damoiselleC200.png?w=124&amp;ssl=1 124w, https:\/\/i0.wp.com\/www.anyssa.org\/classedesgnomes\/wp-content\/uploads\/2014\/08\/pozie-damoiselleC200.png?resize=93%2C150&amp;ssl=1 93w\" sizes=\"(max-width: 124px) 100vw, 124px\" \/><\/a><\/p>\n<ol>\n<li><strong><a href=\"#chevalier\">Le Chevalier au bouclier vert<\/a>, d&rsquo;Odile Weulersse (un extrait du roman) <\/strong><\/li>\n<li><strong><a href=\"#jehan\">Jehan de Loin<\/a>, de Bertrand Solet (un extrait du roman) <\/strong><\/li>\n<li><strong><a href=\"#berthe\">Berthe au grand pied<\/a> (le r\u00e9cit de la l\u00e9gende)<\/strong><\/li>\n<\/ol>\n<p>Ces lectures sont accompagn\u00e9es de questionnaires visant \u00e0 accompagner la compr\u00e9hension des textes.<\/p>\n<h2><a name=\"chevalier\"><\/a>Le Chevalier au bouclier vert<\/h2>\n<table style=\"width: 100%\" border=\"0\">\n<tbody>\n<tr>\n<td valign=\"top\">\n<p><em>Auteur :<\/em> Odile WEULERSSE<\/p>\n<p><em>Niveau :<\/em> CM1<\/p>\n<p><em>Type de texte :<\/em> extrait d&rsquo;un roman historique<\/p>\n<p><em>D\u00e9but du texte :<\/em><\/p>\n<p style=\"text-align: justify;padding-left: 15px\"><span style=\"font-family: comic sans ms,sans-serif;font-size: small\">\u00ab\u00a0Thibault, jeune noble de quinze ans, vient de sauver une jeune demoiselle, \u00c9l\u00e9onore, la fille du comte de Blois, qui \u00e9tait attaqu\u00e9e par des brigands. En r\u00e9compense, il va \u00eatre adoub\u00e9 dans la cour du ch\u00e2teau et devenir ainsi chevalier.\u00a0\u00bb<\/span><\/p>\n<\/td>\n<td valign=\"top\">\n<figure style=\"width: 175px\" class=\"wp-caption alignnone\"><a href=\"http:\/\/www.amazon.fr\/gp\/product\/2013224052\/ref=as_li_tl?ie=UTF8&amp;camp=1642&amp;creative=6746&amp;creativeASIN=2013224052&amp;linkCode=as2&amp;tag=laclasdesgnom-21\" target=\"_blank\" rel=\"noopener noreferrer\"><img decoding=\"async\" class=\"telechargement\" title=\"Le chevalier au bouclier vert\" src=\"http:\/\/ws-eu.amazon-adsystem.com\/widgets\/q?_encoding=UTF8&amp;ASIN=2013224052&amp;Format=_SL250_&amp;ID=AsinImage&amp;MarketPlace=FR&amp;ServiceVersion=20070822&amp;WS=1&amp;tag=laclasdesgnom-21\" alt=\"Le chevalier au bouclier vert\" width=\"175\" height=\"250\" border=\"0\" \/><\/a><figcaption class=\"wp-caption-text\">partenariat Amazon<\/figcaption><\/figure>\n<\/td>\n<\/tr>\n<\/tbody>\n<\/table>\n<table style=\"width: 100%\" border=\"0\">\n<tbody>\n<tr>\n<td style=\"width: 50%\" valign=\"top\">\n<hr \/>\n<h3 style=\"text-align: left;padding-right: 20px\">Le tapuscrit de l&rsquo;extrait :<\/h3>\n<p style=\"padding-left: 20px;text-align: left\"><a href=\"\/classedesgnomes\/wp-content\/uploads\/documents\/francais\/litterature\/moyenage\/chevalier-au-bouclier-vert_texte.pdf\"><img decoding=\"async\" class=\"telechargement alignnone\" title=\"Le chevalier au bouclier vert (extrait)\" src=\"\/classedesgnomes\/wp-content\/uploads\/documents\/francais\/litterature\/moyenage\/chevalier-au-bouclier-vert_texte.jpg\" alt=\"Le chevalier au bouclier vert (extrait)\" width=\"250\" height=\"348\" \/><\/a><\/p>\n<p style=\"padding-left: 20px;text-align: left\"><a title=\"Le Chevalier au bouclier vert - tapuscrit\" href=\"\/classedesgnomes\/wp-content\/uploads\/documents\/francais\/litterature\/moyenage\/chevalier-au-bouclier-vert_texte.pub\"><img decoding=\"async\" class=\"illustration alignnone\" style=\"border-width: 0px;background-color: transparent\" src=\"\/classedesgnomes\/wp-content\/uploads\/documents\/imagesite\/fich-modif_pub.gif\" alt=\"\" width=\"179\" height=\"26\" \/><\/a><\/p>\n<\/td>\n<td style=\"width: 50%\" valign=\"top\">\n<hr \/>\n<h3 style=\"text-align: left;padding-right: 20px\">Le questionnaire (1 partie) :<\/h3>\n<p style=\"padding-left: 20px;text-align: left\"><a href=\"\/classedesgnomes\/wp-content\/uploads\/documents\/francais\/litterature\/moyenage\/chevalier-au-bouclier-vert_questionnaire.pdf\"><img decoding=\"async\" class=\"telechargement alignnone\" title=\"Le chevalier au bouclier vert - questionnaire\" src=\"\/classedesgnomes\/wp-content\/uploads\/documents\/francais\/litterature\/moyenage\/chevalier-au-bouclier-vert_questionnaire.jpg\" alt=\"Le chevalier au bouclier vert - questionnaire\" width=\"250\" height=\"352\" \/><\/a><\/p>\n<p style=\"padding-left: 20px;text-align: left\"><a title=\"Le Chevalier au bouclier vert - questionnaire\" href=\"\/classedesgnomes\/wp-content\/uploads\/documents\/francais\/litterature\/moyenage\/chevalier-au-bouclier-vert_questionnaire.pub\"><img decoding=\"async\" class=\"illustration alignnone\" style=\"border-width: 0px;background-color: transparent\" src=\"\/classedesgnomes\/wp-content\/uploads\/documents\/imagesite\/fich-modif_pub.gif\" alt=\"\" width=\"179\" height=\"26\" \/><\/a><\/p>\n<\/td>\n<\/tr>\n<tr>\n<td style=\"width: 50%\" colspan=\"2\" valign=\"top\">\n<p><em>Source : mon exploitation p\u00e9dagogique de cet extrait du Chevalier au bouclier vert est inspir\u00e9e de celle de Nanoucilou, publi\u00e9e sur son blog<\/em> <a title=\"La Classe de C\u00e9cile\" href=\"http:\/\/la-classe-de-cecile.eklablog.com\/theme-du-moyen-age-a5098476\" target=\"_blank\" rel=\"noopener noreferrer\">La classe de C\u00e9cile.<\/a><\/p>\n<\/td>\n<\/tr>\n<\/tbody>\n<\/table>\n<h2><a name=\"jehan\"><\/a>\u00a0Jehan de Loin<\/h2>\n<table style=\"width: 100%\" border=\"0\">\n<tbody>\n<tr>\n<td valign=\"top\">\n<p><em>Auteur :<\/em> Bertrand SOLET<\/p>\n<p><em>Niveau :<\/em> CM1<\/p>\n<p><em>Type de texte :<\/em> extrait d&rsquo;un roman historique<\/p>\n<p><em>D\u00e9but du texte :<\/em><\/p>\n<p style=\"text-align: justify;padding-left: 15px\"><span style=\"font-family: comic sans ms,sans-serif;font-size: small\">\u00ab\u00a0Cette histoire se passe au Moyen \u00c2ge, au temps o\u00f9, dans leurs ch\u00e2teaux forts, r\u00e9gnaient les seigneurs tout-puissants. B\u00eates et gens, terres et for\u00eats, tout leur appartenait. Et voil\u00e0 qu&rsquo;apparait en haut de la colline celui qui voyage, qui vient de loin, et qu&rsquo;on appelle Jehan de Loin. \u00ab\u00a0<\/span><\/p>\n<\/td>\n<td valign=\"top\">\n<figure style=\"width: 175px\" class=\"wp-caption alignnone\"><a href=\"http:\/\/www.amazon.fr\/gp\/product\/2013225482\/ref=as_li_tl?ie=UTF8&amp;camp=1642&amp;creative=6746&amp;creativeASIN=2013225482&amp;linkCode=as2&amp;tag=laclasdesgnom-21\" target=\"_blank\" rel=\"noopener noreferrer\"><img decoding=\"async\" class=\"telechargement\" title=\"Jehan de Loin\" src=\"http:\/\/ws-eu.amazon-adsystem.com\/widgets\/q?_encoding=UTF8&amp;ASIN=2013225482&amp;Format=_SL250_&amp;ID=AsinImage&amp;MarketPlace=FR&amp;ServiceVersion=20070822&amp;WS=1&amp;tag=laclasdesgnom-21\" alt=\"Jehan de Loin\" width=\"175\" height=\"250\" border=\"0\" \/><\/a><figcaption class=\"wp-caption-text\">Partenariat Amazon<\/figcaption><\/figure>\n<\/td>\n<\/tr>\n<\/tbody>\n<\/table>\n<table style=\"width: 100%\" align=\"left\">\n<tbody>\n<tr>\n<td style=\"width: 50%\" valign=\"top\">\n<hr \/>\n<h3 style=\"text-align: left;padding-right: 20px\">Le tapuscrit de l&rsquo;extrait :<\/h3>\n<p style=\"padding-left: 20px;text-align: left\"><a href=\"\/classedesgnomes\/wp-content\/uploads\/documents\/francais\/litterature\/moyenage\/jehan-de-loin_texte.pdf\"><img decoding=\"async\" class=\"telechargement alignnone\" title=\"Jehan de Loin - extrait\" src=\"\/classedesgnomes\/wp-content\/uploads\/documents\/francais\/litterature\/moyenage\/jehan-de-loin_texte.jpg\" alt=\"Jehan de Loin - extrait\" width=\"250\" height=\"355\" \/><\/a><\/p>\n<p style=\"padding-left: 20px;text-align: left\"><a title=\"Jehan de Loin - tapuscrit\" href=\"\/classedesgnomes\/wp-content\/uploads\/documents\/francais\/litterature\/moyenage\/jehan-de-loin_texte.pub\"><img decoding=\"async\" class=\"illustration alignnone\" style=\"border-width: 0px;background-color: transparent\" src=\"\/classedesgnomes\/wp-content\/uploads\/documents\/imagesite\/fich-modif_pub.gif\" alt=\"\" width=\"179\" height=\"26\" \/><\/a><\/p>\n<\/td>\n<td style=\"width: 50%\" valign=\"top\">\n<hr \/>\n<h3 style=\"text-align: left;padding-right: 20px\">Le questionnaire (2 parties) :<\/h3>\n<p style=\"padding-left: 20px;text-align: left\"><a href=\"\/classedesgnomes\/wp-content\/uploads\/documents\/francais\/litterature\/moyenage\/jehan-de-loin_questionnaires.pdf\"><img decoding=\"async\" class=\"telechargement alignnone\" title=\"Jehan de Loin - questionnaires\" src=\"\/classedesgnomes\/wp-content\/uploads\/documents\/francais\/litterature\/moyenage\/jehan-de-loin_questionnaires.jpg\" alt=\"Jehan de Loin - questionnaires\" width=\"250\" height=\"357\" \/><\/a><\/p>\n<p style=\"padding-left: 20px;text-align: left\"><a title=\"Jehan de Loin - questionnaire\" href=\"\/classedesgnomes\/wp-content\/uploads\/documents\/francais\/litterature\/moyenage\/jehan-de-loin_questionnaires.pub\"><img decoding=\"async\" class=\"illustration alignnone\" style=\"border-width: 0px;background-color: transparent\" src=\"\/classedesgnomes\/wp-content\/uploads\/documents\/imagesite\/fich-modif_pub.gif\" alt=\"\" width=\"179\" height=\"26\" \/><\/a><\/p>\n<\/td>\n<\/tr>\n<tr>\n<td style=\"width: 50%\" colspan=\"2\" valign=\"top\">\n<p style=\"text-align: left;padding-right: 20px\"><em>Source : mon exploitation p\u00e9dagogique de cet extrait de Jehan de Loin est inspir\u00e9e de celle de Loustics, publi\u00e9e sur son blog Ma classe de cycle 3.<\/em><\/p>\n<\/td>\n<\/tr>\n<\/tbody>\n<\/table>\n<h2><a name=\"berthe\"><\/a>Berthe au grand pied<\/h2>\n<table style=\"width: 100%\" border=\"0\">\n<tbody>\n<tr>\n<td valign=\"top\">\n<p><em>Auteur :<\/em> inconnu<\/p>\n<p><em>Niveau :<\/em> CM1<\/p>\n<p><em>Type de texte :<\/em> r\u00e9cit d&rsquo;une l\u00e9gende (publi\u00e9 sur le site <a title=\"L\u00e9gende de Berthe au grand pied\" href=\"http:\/\/pages.videotron.com\/chimere\/contes\/berthe.html\" target=\"_blank\" rel=\"noopener noreferrer\">Ch\u00e2teaux celtes et chim\u00e8res<\/a>)<\/p>\n<p><em>D\u00e9but du texte :<\/em><\/p>\n<p style=\"text-align: justify;padding-left: 30px\"><span style=\"font-family: comic sans ms,sans-serif;font-size: small\">\u00ab\u00a0Lorsque P\u00e9pin le Bref d\u00e9cida de se marier, ses conseillers partirent en qu\u00eate d&rsquo;une fianc\u00e9e de bonne noblesse dans divers pays. Mais le roi ne parvenait pas \u00e0 faire son choix. Jusqu&rsquo;\u00e0 ce qu&rsquo;un trouv\u00e8re qui avait parcouru une bonne partie du monde v\u00eent lui chanter la beaut\u00e9 de Berthe, fille du roi de Hongrie, aussi intelligente que fine et sage. Elle n&rsquo;avait qu&rsquo;un seul d\u00e9faut : l&rsquo;un de ses pieds \u00e9tait trop grand. \u00ab\u00a0<\/span><\/p>\n<\/td>\n<\/tr>\n<\/tbody>\n<\/table>\n<table style=\"width: 100%\" align=\"left\">\n<tbody>\n<tr>\n<td style=\"width: 50%\" valign=\"top\">\n<hr \/>\n<h3 style=\"text-align: left;padding-right: 20px\">Le tapuscrit du r\u00e9cit :<\/h3>\n<p style=\"padding-left: 20px;text-align: left\"><a href=\"\/classedesgnomes\/wp-content\/uploads\/documents\/francais\/litterature\/moyenage\/berthe_texte.pdf\"><img decoding=\"async\" class=\"telechargement alignnone\" title=\"Berthe au grand pied - texte  int\u00e9gral\" src=\"\/classedesgnomes\/wp-content\/uploads\/documents\/francais\/litterature\/moyenage\/berthe_texte.jpg\" alt=\"Berthe au grand pied - texte  int\u00e9gral\" width=\"250\" height=\"374\" \/><\/a><\/p>\n<p style=\"padding-left: 20px;text-align: left\"><a title=\"Berthe au grand pied - tapuscrit\" href=\"\/classedesgnomes\/wp-content\/uploads\/documents\/francais\/litterature\/moyenage\/berthe_texte.pub\"><img decoding=\"async\" class=\"illustration alignnone\" style=\"border-width: 0px;background-color: transparent\" src=\"\/classedesgnomes\/wp-content\/uploads\/documents\/imagesite\/fich-modif_pub.gif\" alt=\"\" width=\"179\" height=\"26\" \/><\/a><\/p>\n<\/td>\n<td style=\"width: 50%\" valign=\"top\">\n<hr \/>\n<h3 style=\"text-align: left;padding-right: 20px\">Le questionnaire (3 parties) :<\/h3>\n<p style=\"padding-left: 20px;text-align: left\"><a href=\"\/classedesgnomes\/wp-content\/uploads\/documents\/francais\/litterature\/moyenage\/berthe_questionnaires.pdf\"><img decoding=\"async\" class=\"telechargement alignnone\" title=\"Berthe au grand pied - questionnaires\" src=\"\/classedesgnomes\/wp-content\/uploads\/documents\/francais\/litterature\/moyenage\/berthe_questionnaires.jpg\" alt=\"Berthe au grand pied - questionnaires\" width=\"250\" height=\"356\" \/><\/a><\/p>\n<p style=\"padding-left: 20px;text-align: left\"><a title=\"Berthe au grand pied - questionnaire\" href=\"\/classedesgnomes\/wp-content\/uploads\/documents\/francais\/litterature\/moyenage\/berthe_questionnaires.pub\"><img decoding=\"async\" class=\"illustration alignnone\" style=\"border-width: 0px;background-color: transparent\" src=\"\/classedesgnomes\/wp-content\/uploads\/documents\/imagesite\/fich-modif_pub.gif\" alt=\"\" width=\"179\" height=\"26\" \/><\/a><\/p>\n<\/td>\n<\/tr>\n<tr>\n<td style=\"width: 50%\" colspan=\"2\" valign=\"top\">\n<p style=\"text-align: left;padding-right: 20px\"><em>Source : mon exploitation p\u00e9dagogique de la l\u00e9gende de Berthe au grand pied est inspir\u00e9e de celle de sagebooker, publi\u00e9e sur son blog <a title=\"Le livre de sapienta\" href=\"http:\/\/www.livredesapienta.fr\/2016\/04\/le-moyen-age-en-lecture.html\" target=\"_blank\" rel=\"noopener noreferrer\">Le livre de sapienta<\/a> .<\/em><\/p>\n<\/td>\n<\/tr>\n<\/tbody>\n<\/table>\n<p>&nbsp;<\/p>\n","protected":false},"excerpt":{"rendered":"<p>Pour accompagner l&rsquo;\u00e9tude du Moyen \u00c2ge en histoire, je propose \u00e0 mes \u00e9l\u00e8ves quelques lectures : Le Chevalier au bouclier vert, Jehan de Loin, Berthe au grand pied. Ces lectures sont accompagn\u00e9es de questionnaires visant \u00e0 accompagner la compr\u00e9hension des textes.<a class=\"more-link\" href=\"https:\/\/www.anyssa.org\/classedesgnomes\/le-moyen-age-en-lecture\/\">        &#x2192;<\/a><\/p>\n","protected":false},"author":2,"featured_media":5573,"comment_status":"open","ping_status":"open","sticky":false,"template":"","format":"standard","meta":{"jetpack_post_was_ever_published":false,"_jetpack_newsletter_access":"","_jetpack_dont_email_post_to_subs":false,"_jetpack_newsletter_tier_id":0,"_jetpack_memberships_contains_paywalled_content":false,"_jetpack_memberships_contains_paid_content":false,"footnotes":""},"categories":[663],"tags":[143],"class_list":["entry","author-anyssa","has-excerpt","post-3690","post","type-post","status-publish","format-standard","has-post-thumbnail","category-textes-courts","tag-moyen-age"],"yoast_head":"<!-- This site is optimized with the Yoast SEO plugin v27.5 - https:\/\/yoast.com\/product\/yoast-seo-wordpress\/ -->\n<title>Le Moyen \u00c2ge en lecture ~ La Classe des gnomes<\/title>\n<meta name=\"description\" content=\"Pour accompagner l&#039;\u00e9tude du Moyen \u00c2ge en histoire, je propose \u00e0 mes \u00e9l\u00e8ves quelques lectures : Le Chevalier au bouclier vert, Jehan de Loin, Berthe au grand pied. Ces lectures sont accompagn\u00e9es de questionnaires visant \u00e0 accompagner la compr\u00e9hension des textes.\" \/>\n<meta name=\"robots\" content=\"index, follow, max-snippet:-1, max-image-preview:large, max-video-preview:-1\" \/>\n<link rel=\"canonical\" href=\"https:\/\/www.anyssa.org\/classedesgnomes\/le-moyen-age-en-lecture\/\" \/>\n<meta property=\"og:locale\" content=\"fr_FR\" \/>\n<meta property=\"og:type\" content=\"article\" \/>\n<meta property=\"og:title\" content=\"Le Moyen \u00c2ge en lecture ~ La Classe des gnomes\" \/>\n<meta property=\"og:description\" content=\"Pour accompagner l&#039;\u00e9tude du Moyen \u00c2ge en histoire, je propose \u00e0 mes \u00e9l\u00e8ves quelques lectures : Le Chevalier au bouclier vert, Jehan de Loin, Berthe au grand pied. Ces lectures sont accompagn\u00e9es de questionnaires visant \u00e0 accompagner la compr\u00e9hension des textes.\" \/>\n<meta property=\"og:url\" content=\"https:\/\/www.anyssa.org\/classedesgnomes\/le-moyen-age-en-lecture\/\" \/>\n<meta property=\"og:site_name\" content=\"La Classe des gnomes\" \/>\n<meta property=\"article:published_time\" content=\"2013-06-17T20:16:49+00:00\" \/>\n<meta property=\"article:modified_time\" content=\"2019-10-01T17:36:10+00:00\" \/>\n<meta property=\"og:image\" content=\"https:\/\/i2.wp.com\/www.anyssa.org\/classedesgnomes\/wp-content\/uploads\/2014\/08\/pozie-damoiselleC200.png?fit=124%2C200&ssl=1\" \/>\n\t<meta property=\"og:image:width\" content=\"124\" \/>\n\t<meta property=\"og:image:height\" content=\"200\" \/>\n\t<meta property=\"og:image:type\" content=\"image\/png\" \/>\n<meta name=\"author\" content=\"Anyssa\" \/>\n<meta name=\"twitter:card\" content=\"summary_large_image\" \/>\n<meta name=\"twitter:creator\" content=\"@Anyssa_SE\" \/>\n<meta name=\"twitter:site\" content=\"@Anyssa_SE\" \/>\n<meta name=\"twitter:label1\" content=\"\u00c9crit par\" \/>\n\t<meta name=\"twitter:data1\" content=\"Anyssa\" \/>\n\t<meta name=\"twitter:label2\" content=\"Dur\u00e9e de lecture estim\u00e9e\" \/>\n\t<meta name=\"twitter:data2\" content=\"2 minutes\" \/>\n<script type=\"application\/ld+json\" class=\"yoast-schema-graph\">{\"@context\":\"https:\\\/\\\/schema.org\",\"@graph\":[{\"@type\":\"Article\",\"@id\":\"https:\\\/\\\/www.anyssa.org\\\/classedesgnomes\\\/le-moyen-age-en-lecture\\\/#article\",\"isPartOf\":{\"@id\":\"https:\\\/\\\/www.anyssa.org\\\/classedesgnomes\\\/le-moyen-age-en-lecture\\\/\"},\"author\":{\"name\":\"Anyssa\",\"@id\":\"https:\\\/\\\/www.anyssa.org\\\/classedesgnomes\\\/#\\\/schema\\\/person\\\/239c912ae4cbab448627207cdde96371\"},\"headline\":\"Le Moyen \u00c2ge en lecture\",\"datePublished\":\"2013-06-17T20:16:49+00:00\",\"dateModified\":\"2019-10-01T17:36:10+00:00\",\"mainEntityOfPage\":{\"@id\":\"https:\\\/\\\/www.anyssa.org\\\/classedesgnomes\\\/le-moyen-age-en-lecture\\\/\"},\"wordCount\":452,\"commentCount\":11,\"publisher\":{\"@id\":\"https:\\\/\\\/www.anyssa.org\\\/classedesgnomes\\\/#\\\/schema\\\/person\\\/239c912ae4cbab448627207cdde96371\"},\"image\":{\"@id\":\"https:\\\/\\\/www.anyssa.org\\\/classedesgnomes\\\/le-moyen-age-en-lecture\\\/#primaryimage\"},\"thumbnailUrl\":\"https:\\\/\\\/i0.wp.com\\\/www.anyssa.org\\\/classedesgnomes\\\/wp-content\\\/uploads\\\/2014\\\/08\\\/pozie-damoiselleC200.png?fit=124%2C200&ssl=1\",\"keywords\":[\"Moyen \u00c2ge\"],\"articleSection\":[\"Lire des textes courts\"],\"inLanguage\":\"fr-FR\",\"potentialAction\":[{\"@type\":\"CommentAction\",\"name\":\"Comment\",\"target\":[\"https:\\\/\\\/www.anyssa.org\\\/classedesgnomes\\\/le-moyen-age-en-lecture\\\/#respond\"]}]},{\"@type\":\"WebPage\",\"@id\":\"https:\\\/\\\/www.anyssa.org\\\/classedesgnomes\\\/le-moyen-age-en-lecture\\\/\",\"url\":\"https:\\\/\\\/www.anyssa.org\\\/classedesgnomes\\\/le-moyen-age-en-lecture\\\/\",\"name\":\"Le Moyen \u00c2ge en lecture ~ La Classe des gnomes\",\"isPartOf\":{\"@id\":\"https:\\\/\\\/www.anyssa.org\\\/classedesgnomes\\\/#website\"},\"primaryImageOfPage\":{\"@id\":\"https:\\\/\\\/www.anyssa.org\\\/classedesgnomes\\\/le-moyen-age-en-lecture\\\/#primaryimage\"},\"image\":{\"@id\":\"https:\\\/\\\/www.anyssa.org\\\/classedesgnomes\\\/le-moyen-age-en-lecture\\\/#primaryimage\"},\"thumbnailUrl\":\"https:\\\/\\\/i0.wp.com\\\/www.anyssa.org\\\/classedesgnomes\\\/wp-content\\\/uploads\\\/2014\\\/08\\\/pozie-damoiselleC200.png?fit=124%2C200&ssl=1\",\"datePublished\":\"2013-06-17T20:16:49+00:00\",\"dateModified\":\"2019-10-01T17:36:10+00:00\",\"description\":\"Pour accompagner l'\u00e9tude du Moyen \u00c2ge en histoire, je propose \u00e0 mes \u00e9l\u00e8ves quelques lectures : Le Chevalier au bouclier vert, Jehan de Loin, Berthe au grand pied. Ces lectures sont accompagn\u00e9es de questionnaires visant \u00e0 accompagner la compr\u00e9hension des textes.\",\"breadcrumb\":{\"@id\":\"https:\\\/\\\/www.anyssa.org\\\/classedesgnomes\\\/le-moyen-age-en-lecture\\\/#breadcrumb\"},\"inLanguage\":\"fr-FR\",\"potentialAction\":[{\"@type\":\"ReadAction\",\"target\":[\"https:\\\/\\\/www.anyssa.org\\\/classedesgnomes\\\/le-moyen-age-en-lecture\\\/\"]}]},{\"@type\":\"ImageObject\",\"inLanguage\":\"fr-FR\",\"@id\":\"https:\\\/\\\/www.anyssa.org\\\/classedesgnomes\\\/le-moyen-age-en-lecture\\\/#primaryimage\",\"url\":\"https:\\\/\\\/i0.wp.com\\\/www.anyssa.org\\\/classedesgnomes\\\/wp-content\\\/uploads\\\/2014\\\/08\\\/pozie-damoiselleC200.png?fit=124%2C200&ssl=1\",\"contentUrl\":\"https:\\\/\\\/i0.wp.com\\\/www.anyssa.org\\\/classedesgnomes\\\/wp-content\\\/uploads\\\/2014\\\/08\\\/pozie-damoiselleC200.png?fit=124%2C200&ssl=1\",\"width\":124,\"height\":200,\"caption\":\"PoZie damoiselle du Moyen-Age\"},{\"@type\":\"BreadcrumbList\",\"@id\":\"https:\\\/\\\/www.anyssa.org\\\/classedesgnomes\\\/le-moyen-age-en-lecture\\\/#breadcrumb\",\"itemListElement\":[{\"@type\":\"ListItem\",\"position\":1,\"name\":\"Accueil\",\"item\":\"https:\\\/\\\/www.anyssa.org\\\/classedesgnomes\\\/\"},{\"@type\":\"ListItem\",\"position\":2,\"name\":\"Le Moyen \u00c2ge en lecture\"}]},{\"@type\":\"WebSite\",\"@id\":\"https:\\\/\\\/www.anyssa.org\\\/classedesgnomes\\\/#website\",\"url\":\"https:\\\/\\\/www.anyssa.org\\\/classedesgnomes\\\/\",\"name\":\"La Classe des gnomes\",\"description\":\"Des ressources pour la maternelle et l&#039;\u00e9l\u00e9mentaire\",\"publisher\":{\"@id\":\"https:\\\/\\\/www.anyssa.org\\\/classedesgnomes\\\/#\\\/schema\\\/person\\\/239c912ae4cbab448627207cdde96371\"},\"potentialAction\":[{\"@type\":\"SearchAction\",\"target\":{\"@type\":\"EntryPoint\",\"urlTemplate\":\"https:\\\/\\\/www.anyssa.org\\\/classedesgnomes\\\/?s={search_term_string}\"},\"query-input\":{\"@type\":\"PropertyValueSpecification\",\"valueRequired\":true,\"valueName\":\"search_term_string\"}}],\"inLanguage\":\"fr-FR\"},{\"@type\":[\"Person\",\"Organization\"],\"@id\":\"https:\\\/\\\/www.anyssa.org\\\/classedesgnomes\\\/#\\\/schema\\\/person\\\/239c912ae4cbab448627207cdde96371\",\"name\":\"Anyssa\",\"image\":{\"@type\":\"ImageObject\",\"inLanguage\":\"fr-FR\",\"@id\":\"https:\\\/\\\/i0.wp.com\\\/www.anyssa.org\\\/classedesgnomes\\\/wp-content\\\/uploads\\\/2018\\\/09\\\/cropped-lutine_1_C02.jpg?fit=512%2C512&ssl=1\",\"url\":\"https:\\\/\\\/i0.wp.com\\\/www.anyssa.org\\\/classedesgnomes\\\/wp-content\\\/uploads\\\/2018\\\/09\\\/cropped-lutine_1_C02.jpg?fit=512%2C512&ssl=1\",\"contentUrl\":\"https:\\\/\\\/i0.wp.com\\\/www.anyssa.org\\\/classedesgnomes\\\/wp-content\\\/uploads\\\/2018\\\/09\\\/cropped-lutine_1_C02.jpg?fit=512%2C512&ssl=1\",\"width\":512,\"height\":512,\"caption\":\"Anyssa\"},\"logo\":{\"@id\":\"https:\\\/\\\/i0.wp.com\\\/www.anyssa.org\\\/classedesgnomes\\\/wp-content\\\/uploads\\\/2018\\\/09\\\/cropped-lutine_1_C02.jpg?fit=512%2C512&ssl=1\"},\"sameAs\":[\"http:\\\/\\\/www.anyssa.org\\\/classedesgnomes\\\/\"]}]}<\/script>\n<!-- \/ Yoast SEO plugin. -->","yoast_head_json":{"title":"Le Moyen \u00c2ge en lecture ~ La Classe des gnomes","description":"Pour accompagner l'\u00e9tude du Moyen \u00c2ge en histoire, je propose \u00e0 mes \u00e9l\u00e8ves quelques lectures : Le Chevalier au bouclier vert, Jehan de Loin, Berthe au grand pied. Ces lectures sont accompagn\u00e9es de questionnaires visant \u00e0 accompagner la compr\u00e9hension des textes.","robots":{"index":"index","follow":"follow","max-snippet":"max-snippet:-1","max-image-preview":"max-image-preview:large","max-video-preview":"max-video-preview:-1"},"canonical":"https:\/\/www.anyssa.org\/classedesgnomes\/le-moyen-age-en-lecture\/","og_locale":"fr_FR","og_type":"article","og_title":"Le Moyen \u00c2ge en lecture ~ La Classe des gnomes","og_description":"Pour accompagner l'\u00e9tude du Moyen \u00c2ge en histoire, je propose \u00e0 mes \u00e9l\u00e8ves quelques lectures : Le Chevalier au bouclier vert, Jehan de Loin, Berthe au grand pied. Ces lectures sont accompagn\u00e9es de questionnaires visant \u00e0 accompagner la compr\u00e9hension des textes.","og_url":"https:\/\/www.anyssa.org\/classedesgnomes\/le-moyen-age-en-lecture\/","og_site_name":"La Classe des gnomes","article_published_time":"2013-06-17T20:16:49+00:00","article_modified_time":"2019-10-01T17:36:10+00:00","og_image":[{"width":124,"height":200,"url":"https:\/\/i2.wp.com\/www.anyssa.org\/classedesgnomes\/wp-content\/uploads\/2014\/08\/pozie-damoiselleC200.png?fit=124%2C200&ssl=1","type":"image\/png"}],"author":"Anyssa","twitter_card":"summary_large_image","twitter_creator":"@Anyssa_SE","twitter_site":"@Anyssa_SE","twitter_misc":{"\u00c9crit par":"Anyssa","Dur\u00e9e de lecture estim\u00e9e":"2 minutes"},"schema":{"@context":"https:\/\/schema.org","@graph":[{"@type":"Article","@id":"https:\/\/www.anyssa.org\/classedesgnomes\/le-moyen-age-en-lecture\/#article","isPartOf":{"@id":"https:\/\/www.anyssa.org\/classedesgnomes\/le-moyen-age-en-lecture\/"},"author":{"name":"Anyssa","@id":"https:\/\/www.anyssa.org\/classedesgnomes\/#\/schema\/person\/239c912ae4cbab448627207cdde96371"},"headline":"Le Moyen \u00c2ge en lecture","datePublished":"2013-06-17T20:16:49+00:00","dateModified":"2019-10-01T17:36:10+00:00","mainEntityOfPage":{"@id":"https:\/\/www.anyssa.org\/classedesgnomes\/le-moyen-age-en-lecture\/"},"wordCount":452,"commentCount":11,"publisher":{"@id":"https:\/\/www.anyssa.org\/classedesgnomes\/#\/schema\/person\/239c912ae4cbab448627207cdde96371"},"image":{"@id":"https:\/\/www.anyssa.org\/classedesgnomes\/le-moyen-age-en-lecture\/#primaryimage"},"thumbnailUrl":"https:\/\/i0.wp.com\/www.anyssa.org\/classedesgnomes\/wp-content\/uploads\/2014\/08\/pozie-damoiselleC200.png?fit=124%2C200&ssl=1","keywords":["Moyen \u00c2ge"],"articleSection":["Lire des textes courts"],"inLanguage":"fr-FR","potentialAction":[{"@type":"CommentAction","name":"Comment","target":["https:\/\/www.anyssa.org\/classedesgnomes\/le-moyen-age-en-lecture\/#respond"]}]},{"@type":"WebPage","@id":"https:\/\/www.anyssa.org\/classedesgnomes\/le-moyen-age-en-lecture\/","url":"https:\/\/www.anyssa.org\/classedesgnomes\/le-moyen-age-en-lecture\/","name":"Le Moyen \u00c2ge en lecture ~ La Classe des gnomes","isPartOf":{"@id":"https:\/\/www.anyssa.org\/classedesgnomes\/#website"},"primaryImageOfPage":{"@id":"https:\/\/www.anyssa.org\/classedesgnomes\/le-moyen-age-en-lecture\/#primaryimage"},"image":{"@id":"https:\/\/www.anyssa.org\/classedesgnomes\/le-moyen-age-en-lecture\/#primaryimage"},"thumbnailUrl":"https:\/\/i0.wp.com\/www.anyssa.org\/classedesgnomes\/wp-content\/uploads\/2014\/08\/pozie-damoiselleC200.png?fit=124%2C200&ssl=1","datePublished":"2013-06-17T20:16:49+00:00","dateModified":"2019-10-01T17:36:10+00:00","description":"Pour accompagner l'\u00e9tude du Moyen \u00c2ge en histoire, je propose \u00e0 mes \u00e9l\u00e8ves quelques lectures : Le Chevalier au bouclier vert, Jehan de Loin, Berthe au grand pied. Ces lectures sont accompagn\u00e9es de questionnaires visant \u00e0 accompagner la compr\u00e9hension des textes.","breadcrumb":{"@id":"https:\/\/www.anyssa.org\/classedesgnomes\/le-moyen-age-en-lecture\/#breadcrumb"},"inLanguage":"fr-FR","potentialAction":[{"@type":"ReadAction","target":["https:\/\/www.anyssa.org\/classedesgnomes\/le-moyen-age-en-lecture\/"]}]},{"@type":"ImageObject","inLanguage":"fr-FR","@id":"https:\/\/www.anyssa.org\/classedesgnomes\/le-moyen-age-en-lecture\/#primaryimage","url":"https:\/\/i0.wp.com\/www.anyssa.org\/classedesgnomes\/wp-content\/uploads\/2014\/08\/pozie-damoiselleC200.png?fit=124%2C200&ssl=1","contentUrl":"https:\/\/i0.wp.com\/www.anyssa.org\/classedesgnomes\/wp-content\/uploads\/2014\/08\/pozie-damoiselleC200.png?fit=124%2C200&ssl=1","width":124,"height":200,"caption":"PoZie damoiselle du Moyen-Age"},{"@type":"BreadcrumbList","@id":"https:\/\/www.anyssa.org\/classedesgnomes\/le-moyen-age-en-lecture\/#breadcrumb","itemListElement":[{"@type":"ListItem","position":1,"name":"Accueil","item":"https:\/\/www.anyssa.org\/classedesgnomes\/"},{"@type":"ListItem","position":2,"name":"Le Moyen \u00c2ge en lecture"}]},{"@type":"WebSite","@id":"https:\/\/www.anyssa.org\/classedesgnomes\/#website","url":"https:\/\/www.anyssa.org\/classedesgnomes\/","name":"La Classe des gnomes","description":"Des ressources pour la maternelle et l&#039;\u00e9l\u00e9mentaire","publisher":{"@id":"https:\/\/www.anyssa.org\/classedesgnomes\/#\/schema\/person\/239c912ae4cbab448627207cdde96371"},"potentialAction":[{"@type":"SearchAction","target":{"@type":"EntryPoint","urlTemplate":"https:\/\/www.anyssa.org\/classedesgnomes\/?s={search_term_string}"},"query-input":{"@type":"PropertyValueSpecification","valueRequired":true,"valueName":"search_term_string"}}],"inLanguage":"fr-FR"},{"@type":["Person","Organization"],"@id":"https:\/\/www.anyssa.org\/classedesgnomes\/#\/schema\/person\/239c912ae4cbab448627207cdde96371","name":"Anyssa","image":{"@type":"ImageObject","inLanguage":"fr-FR","@id":"https:\/\/i0.wp.com\/www.anyssa.org\/classedesgnomes\/wp-content\/uploads\/2018\/09\/cropped-lutine_1_C02.jpg?fit=512%2C512&ssl=1","url":"https:\/\/i0.wp.com\/www.anyssa.org\/classedesgnomes\/wp-content\/uploads\/2018\/09\/cropped-lutine_1_C02.jpg?fit=512%2C512&ssl=1","contentUrl":"https:\/\/i0.wp.com\/www.anyssa.org\/classedesgnomes\/wp-content\/uploads\/2018\/09\/cropped-lutine_1_C02.jpg?fit=512%2C512&ssl=1","width":512,"height":512,"caption":"Anyssa"},"logo":{"@id":"https:\/\/i0.wp.com\/www.anyssa.org\/classedesgnomes\/wp-content\/uploads\/2018\/09\/cropped-lutine_1_C02.jpg?fit=512%2C512&ssl=1"},"sameAs":["http:\/\/www.anyssa.org\/classedesgnomes\/"]}]}},"jetpack_featured_media_url":"https:\/\/i0.wp.com\/www.anyssa.org\/classedesgnomes\/wp-content\/uploads\/2014\/08\/pozie-damoiselleC200.png?fit=124%2C200&ssl=1","jetpack_likes_enabled":true,"jetpack-related-posts":[{"id":6556,"url":"https:\/\/www.anyssa.org\/classedesgnomes\/mes-articles-doc-du-mois-de-la-cpb\/","url_meta":{"origin":3690,"position":0},"title":"Mes articles Doc&rsquo; du mois de la CPB","author":"Anyssa","date":"16 f\u00e9vrier 2015","format":false,"excerpt":"R\u00e9capitulatif des articles que j'ai propos\u00e9s dans le cadre de l'action \"Doc' du mois\" de la CPB.","rel":"","context":"Dans &quot;News&quot;","block_context":{"text":"News","link":"https:\/\/www.anyssa.org\/classedesgnomes\/news\/"},"img":{"alt_text":"doc-du-mois","src":"https:\/\/i0.wp.com\/www.anyssa.org\/classedesgnomes\/wp-content\/uploads\/2015\/02\/doc-du-mois.png?resize=350%2C200","width":350,"height":200},"classes":[]},{"id":1730,"url":"https:\/\/www.anyssa.org\/classedesgnomes\/la-societe-medievale\/","url_meta":{"origin":3690,"position":1},"title":"La soci\u00e9t\u00e9 m\u00e9di\u00e9vale","author":"Anyssa","date":"20 mai 2012","format":false,"excerpt":"Cette s\u00e9quence a pour but d'\u00e9tudier les diff\u00e9rents groupe sociaux au Moyen-\u00c2ge.Elle fait suite \u00e0 la s\u00e9quence sur les Carolingiens.Vous trouverez dans cet article des fiches compl\u00e8tes sur les trois ordres :\u00a0Les paysansLes artisans et les commer\u00e7antsLes seigneursLes chevaliersLes gens d'\u00c9gliseLes fiches d'\u00e9tude sont param\u00e9tr\u00e9es pour \u00eatre distribu\u00e9es au format\u2026","rel":"","context":"Dans &quot;Moyen-\u00c2ge&quot;","block_context":{"text":"Moyen-\u00c2ge","link":"https:\/\/www.anyssa.org\/classedesgnomes\/culture-humaniste\/histoire\/moyen-age-histoire\/"},"img":{"alt_text":"PoZie damoiselle","src":"\/classedesgnomes\/wp-content\/uploads\/documents\/lutins\/pozie-damoiselleC.gif","width":350,"height":200},"classes":[]},{"id":1159,"url":"https:\/\/www.anyssa.org\/classedesgnomes\/je-veux-aller-a-lecole-c-de-lasa\/","url_meta":{"origin":3690,"position":2},"title":"Je veux aller \u00e0 l&rsquo;\u00e9cole (C. de Lasa) &#8211; CE2-CM1","author":"Anyssa","date":"9 mai 2012","format":false,"excerpt":"\u00c9tude int\u00e9grale du roman Je veux aller \u00e0 l'\u00e9cole, de Catherine de Lasa. \u00c0 aborder en CE1 - CE2. J'ai toutefois fait lire ce roman \u00e0 mes \u00e9l\u00e8ves de CM1, en d\u00e9but d'ann\u00e9e (pour accompagner l'\u00e9tude du roman par les CE1, lors de mon ann\u00e9e en double niveau CE1\/CM1).","rel":"","context":"Dans &quot;Lire sur l'\u00e9cole, la rentr\u00e9e&quot;","block_context":{"text":"Lire sur l'\u00e9cole, la rentr\u00e9e","link":"https:\/\/www.anyssa.org\/classedesgnomes\/lire\/lire-ecole-rentree\/"},"img":{"alt_text":"Je veux aller \u00e0 l'\u00e9cole","src":"\/\/ws-eu.amazon-adsystem.com\/widgets\/q?_encoding=UTF8&ASIN=2092534521&Format=_SL160_&ID=AsinImage&MarketPlace=FR&ServiceVersion=20070822&WS=1&tag=laclasdesgnom-21","width":350,"height":200},"classes":[]},{"id":4914,"url":"https:\/\/www.anyssa.org\/classedesgnomes\/origami-une-tortue-projet-japon\/","url_meta":{"origin":3690,"position":3},"title":"Origami &#8211; une tortue (projet Japon)","author":"Anyssa","date":"2 juin 2014","format":false,"excerpt":"Pour accompagner l'\u00e9tude du conte japonais Urashima, dans le cadre d'un projet \"Japon\", je propose la cr\u00e9ation d'une tortue en origami, avec un tutoriel papier et une vid\u00e9o explicative des \u00e9tapes du pliage.","rel":"","context":"Dans &quot;Arts&quot;","block_context":{"text":"Arts","link":"https:\/\/www.anyssa.org\/classedesgnomes\/culture-humaniste\/arts\/"},"img":{"alt_text":"","src":"https:\/\/i0.wp.com\/www.anyssa.org\/classedesgnomes\/wp-content\/uploads\/2014\/06\/origami-tortue_tuto_min.jpg?fit=400%2C300&ssl=1&resize=350%2C200","width":350,"height":200},"classes":[]},{"id":1927,"url":"https:\/\/www.anyssa.org\/classedesgnomes\/le-moyen-age-sur-curiosphere-tv\/","url_meta":{"origin":3690,"position":4},"title":"Le Moyen-\u00c2ge sur curiosphere.tv","author":"Anyssa","date":"4 juin 2012","format":false,"excerpt":"Le site francetv \u00e9ducation (rattach\u00e9 \u00e0 la chaine t\u00e9l\u00e9vis\u00e9e France 5) a pour vocation de mettre \u00e0 disposition de la communaut\u00e9 \u00e9ducative des vid\u00e9os et des contenus num\u00e9riques interactifs. On y trouve deux minis sites interactifs sur le Moyen-\u00c2ge : A votre service, Mon seigneur ! et Comment la France\u2026","rel":"","context":"Dans &quot;Moyen-\u00c2ge&quot;","block_context":{"text":"Moyen-\u00c2ge","link":"https:\/\/www.anyssa.org\/classedesgnomes\/culture-humaniste\/histoire\/moyen-age-histoire\/"},"img":{"alt_text":"PoZ le paysan","src":"\/classedesgnomes\/wp-content\/uploads\/documents\/lutins\/poz-paysanC.gif","width":350,"height":200},"classes":[]},{"id":1241,"url":"https:\/\/www.anyssa.org\/classedesgnomes\/le-roman-de-renart\/","url_meta":{"origin":3690,"position":5},"title":"Le Roman de Renart","author":"Anyssa","date":"12 mai 2012","format":false,"excerpt":"L'\u00e9tude de quelques extraits du Roman de Renart est li\u00e9e \u00e0 l'\u00e9tude des enluminures du manuscrit du XIIe si\u00e8cle conserv\u00e9 \u00e0 la Biblioth\u00e8que nationale de France.","rel":"","context":"Dans &quot;Lire des textes courts&quot;","block_context":{"text":"Lire des textes courts","link":"https:\/\/www.anyssa.org\/classedesgnomes\/lire\/textes-courts\/"},"img":{"alt_text":"Farandole de livres","src":"\/classedesgnomes\/wp-content\/uploads\/documents\/imagesite\/livres.gif","width":350,"height":200},"classes":[]}],"jetpack_sharing_enabled":true,"_links":{"self":[{"href":"https:\/\/www.anyssa.org\/classedesgnomes\/wp-json\/wp\/v2\/posts\/3690","targetHints":{"allow":["GET"]}}],"collection":[{"href":"https:\/\/www.anyssa.org\/classedesgnomes\/wp-json\/wp\/v2\/posts"}],"about":[{"href":"https:\/\/www.anyssa.org\/classedesgnomes\/wp-json\/wp\/v2\/types\/post"}],"author":[{"embeddable":true,"href":"https:\/\/www.anyssa.org\/classedesgnomes\/wp-json\/wp\/v2\/users\/2"}],"replies":[{"embeddable":true,"href":"https:\/\/www.anyssa.org\/classedesgnomes\/wp-json\/wp\/v2\/comments?post=3690"}],"version-history":[{"count":0,"href":"https:\/\/www.anyssa.org\/classedesgnomes\/wp-json\/wp\/v2\/posts\/3690\/revisions"}],"wp:featuredmedia":[{"embeddable":true,"href":"https:\/\/www.anyssa.org\/classedesgnomes\/wp-json\/wp\/v2\/media\/5573"}],"wp:attachment":[{"href":"https:\/\/www.anyssa.org\/classedesgnomes\/wp-json\/wp\/v2\/media?parent=3690"}],"wp:term":[{"taxonomy":"category","embeddable":true,"href":"https:\/\/www.anyssa.org\/classedesgnomes\/wp-json\/wp\/v2\/categories?post=3690"},{"taxonomy":"post_tag","embeddable":true,"href":"https:\/\/www.anyssa.org\/classedesgnomes\/wp-json\/wp\/v2\/tags?post=3690"}],"curies":[{"name":"wp","href":"https:\/\/api.w.org\/{rel}","templated":true}]}}