{"id":15005,"date":"2023-12-10T15:10:26","date_gmt":"2023-12-10T14:10:26","guid":{"rendered":"https:\/\/www.anyssa.org\/classedesgnomes\/?p=15005"},"modified":"2023-12-10T15:13:24","modified_gmt":"2023-12-10T14:13:24","slug":"des-chants-de-noel-en-maternelle","status":"publish","type":"post","link":"https:\/\/www.anyssa.org\/classedesgnomes\/des-chants-de-noel-en-maternelle\/","title":{"rendered":"Des chants de No\u00ebl en maternelle"},"content":{"rendered":"\n<p>Je vous partage la s\u00e9lection 2023 des chants de No\u00ebl que mes \u00e9l\u00e8ves chanteront au petit spectacle de fin d&rsquo;ann\u00e9e devant les autres classes. Mon <a href=\"https:\/\/www.anyssa.org\/classedesgnomes\/chants-comptines-de-noel\/\">pr\u00e9c\u00e9dent article compilation de chants de No\u00ebl<\/a> datait de 2017 !<\/p>\n<h4>Certains ont d\u00e9j\u00e0 \u00e9t\u00e9 appris en PS et en MS :<\/h4>\n<ul style=\"list-style-type: disc\">\n<li>L&rsquo;as-tu vu<\/li>\n<li>Canon de No\u00ebl (Anny et Jean-Marc Versini)<\/li>\n<li>No\u00ebl en for\u00eat (Jean-Naty Boyer)<\/li>\n<li>Je m&rsquo;habille et je t&rsquo;apporte un cadeau<\/li>\n<li>Petit gar\u00e7on<\/li>\n<\/ul>\n<h4>D&rsquo;autres sont des nouveaut\u00e9s :<\/h4>\n<ul style=\"list-style-type: disc\">\n<li>Mon beau sapin<\/li>\n<li>Vive le vent<\/li>\n<li>Petit papa No\u00ebl<\/li>\n<\/ul>\n\n\n\n<h2 class=\"wp-block-heading\">La vid\u00e9o de tous les chants de No\u00ebl<\/h2>\n\n\n<p>J&rsquo;ai cr\u00e9\u00e9 une vid\u00e9o qui compile tous les chants. Elle est visionnable sur <a href=\"https:\/\/youtu.be\/GCrTErlCo9E?si=xNO0jw_iO233iBbC\" target=\"_blank\" rel=\"noopener\">YouTube<\/a>.<\/p>\n\n\n<figure class=\"wp-block-embed is-type-video is-provider-youtube wp-block-embed-youtube wp-embed-aspect-16-9 wp-has-aspect-ratio\"><div class=\"wp-block-embed__wrapper\">\n<iframe title=\"Chants de No\u00ebl en maternelle\" width=\"1260\" height=\"709\" src=\"https:\/\/www.youtube.com\/embed\/GCrTErlCo9E?feature=oembed\" frameborder=\"0\" allow=\"accelerometer; autoplay; clipboard-write; encrypted-media; gyroscope; picture-in-picture; web-share\" allowfullscreen><\/iframe>\n<\/div><\/figure>\n\n\n\n<h2 class=\"wp-block-heading\">Les paroles illustr\u00e9es des chants de No\u00ebl<\/h2>\n\n\n\n<figure class=\"wp-block-gallery has-nested-images columns-default is-cropped wp-block-gallery-2 is-layout-flex wp-block-gallery-is-layout-flex\">\n<figure class=\"wp-block-image size-large\"><a href=\"https:\/\/i0.wp.com\/www.anyssa.org\/classedesgnomes\/wp-content\/uploads\/2023\/12\/chants-noel_Page_1-scaled.jpg?ssl=1\"><img data-recalc-dims=\"1\" decoding=\"async\" width=\"1024\" height=\"724\" data-id=\"15010\" src=\"https:\/\/i0.wp.com\/www.anyssa.org\/classedesgnomes\/wp-content\/uploads\/2023\/12\/chants-noel_Page_1.jpg?resize=1024%2C724&#038;ssl=1\" alt=\"Chants de No\u00ebl en maternelle - page 1\" class=\"wp-image-15010\" srcset=\"https:\/\/i0.wp.com\/www.anyssa.org\/classedesgnomes\/wp-content\/uploads\/2023\/12\/chants-noel_Page_1-scaled.jpg?resize=1024%2C724&amp;ssl=1 1024w, https:\/\/i0.wp.com\/www.anyssa.org\/classedesgnomes\/wp-content\/uploads\/2023\/12\/chants-noel_Page_1-scaled.jpg?resize=400%2C283&amp;ssl=1 400w, https:\/\/i0.wp.com\/www.anyssa.org\/classedesgnomes\/wp-content\/uploads\/2023\/12\/chants-noel_Page_1-scaled.jpg?resize=283%2C200&amp;ssl=1 283w, https:\/\/i0.wp.com\/www.anyssa.org\/classedesgnomes\/wp-content\/uploads\/2023\/12\/chants-noel_Page_1-scaled.jpg?resize=768%2C543&amp;ssl=1 768w, https:\/\/i0.wp.com\/www.anyssa.org\/classedesgnomes\/wp-content\/uploads\/2023\/12\/chants-noel_Page_1-scaled.jpg?resize=300%2C212&amp;ssl=1 300w, https:\/\/i0.wp.com\/www.anyssa.org\/classedesgnomes\/wp-content\/uploads\/2023\/12\/chants-noel_Page_1-scaled.jpg?resize=1536%2C1086&amp;ssl=1 1536w, https:\/\/i0.wp.com\/www.anyssa.org\/classedesgnomes\/wp-content\/uploads\/2023\/12\/chants-noel_Page_1-scaled.jpg?resize=2048%2C1448&amp;ssl=1 2048w, https:\/\/i0.wp.com\/www.anyssa.org\/classedesgnomes\/wp-content\/uploads\/2023\/12\/chants-noel_Page_1-scaled.jpg?resize=425%2C301&amp;ssl=1 425w, https:\/\/i0.wp.com\/www.anyssa.org\/classedesgnomes\/wp-content\/uploads\/2023\/12\/chants-noel_Page_1-scaled.jpg?w=2520&amp;ssl=1 2520w\" sizes=\"(max-width: 1024px) 100vw, 1024px\" \/><\/a><\/figure>\n\n\n\n<figure class=\"wp-block-image size-large\"><a href=\"https:\/\/i0.wp.com\/www.anyssa.org\/classedesgnomes\/wp-content\/uploads\/2023\/12\/chants-noel_Page_2-scaled.jpg?ssl=1\"><img data-recalc-dims=\"1\" decoding=\"async\" width=\"1024\" height=\"724\" data-id=\"15011\" src=\"https:\/\/i0.wp.com\/www.anyssa.org\/classedesgnomes\/wp-content\/uploads\/2023\/12\/chants-noel_Page_2.jpg?resize=1024%2C724&#038;ssl=1\" alt=\"Chants de No\u00ebl en maternelle - page 2\" class=\"wp-image-15011\" srcset=\"https:\/\/i0.wp.com\/www.anyssa.org\/classedesgnomes\/wp-content\/uploads\/2023\/12\/chants-noel_Page_2-scaled.jpg?resize=1024%2C724&amp;ssl=1 1024w, https:\/\/i0.wp.com\/www.anyssa.org\/classedesgnomes\/wp-content\/uploads\/2023\/12\/chants-noel_Page_2-scaled.jpg?resize=400%2C283&amp;ssl=1 400w, https:\/\/i0.wp.com\/www.anyssa.org\/classedesgnomes\/wp-content\/uploads\/2023\/12\/chants-noel_Page_2-scaled.jpg?resize=283%2C200&amp;ssl=1 283w, https:\/\/i0.wp.com\/www.anyssa.org\/classedesgnomes\/wp-content\/uploads\/2023\/12\/chants-noel_Page_2-scaled.jpg?resize=768%2C543&amp;ssl=1 768w, https:\/\/i0.wp.com\/www.anyssa.org\/classedesgnomes\/wp-content\/uploads\/2023\/12\/chants-noel_Page_2-scaled.jpg?resize=300%2C212&amp;ssl=1 300w, https:\/\/i0.wp.com\/www.anyssa.org\/classedesgnomes\/wp-content\/uploads\/2023\/12\/chants-noel_Page_2-scaled.jpg?resize=1536%2C1086&amp;ssl=1 1536w, https:\/\/i0.wp.com\/www.anyssa.org\/classedesgnomes\/wp-content\/uploads\/2023\/12\/chants-noel_Page_2-scaled.jpg?resize=2048%2C1448&amp;ssl=1 2048w, https:\/\/i0.wp.com\/www.anyssa.org\/classedesgnomes\/wp-content\/uploads\/2023\/12\/chants-noel_Page_2-scaled.jpg?resize=425%2C301&amp;ssl=1 425w, https:\/\/i0.wp.com\/www.anyssa.org\/classedesgnomes\/wp-content\/uploads\/2023\/12\/chants-noel_Page_2-scaled.jpg?w=2520&amp;ssl=1 2520w\" sizes=\"(max-width: 1024px) 100vw, 1024px\" \/><\/a><\/figure>\n<\/figure>\n\n\n<p style=\"text-align: center\"><a href=\"\/classedesgnomes\/wp-content\/uploads\/documents\/arts\/musique\/chants-noel.pdf\"><img data-recalc-dims=\"1\" decoding=\"async\" class=\"illustration alignnone wp-image-11664 size-full\" title=\"Chants de No\u00ebl - paroles illustr\u00e9es\" src=\"https:\/\/i0.wp.com\/www.anyssa.org\/classedesgnomes\/wp-content\/uploads\/2018\/07\/pdf-40.png?resize=50%2C58&#038;ssl=1\" alt=\"Chants de No\u00ebl - paroles illustr\u00e9es\" width=\"50\" height=\"58\" \/><\/a> \u00a0\u00a0\u00a0\u00a0\u00a0\u00a0 <a href=\"\/classedesgnomes\/wp-content\/uploads\/documents\/arts\/musique\/chants-noel.pub\"><img data-recalc-dims=\"1\" decoding=\"async\" class=\"illustration alignnone wp-image-5274 size-full\" title=\"Chants de No\u00ebl - paroles illustr\u00e9es\" src=\"https:\/\/i0.wp.com\/www.anyssa.org\/classedesgnomes\/wp-content\/uploads\/2012\/05\/publisher48.png?resize=48%2C48&#038;ssl=1\" alt=\"Chants de No\u00ebl - paroles illustr\u00e9es\" width=\"48\" height=\"48\" \/><\/a><\/p>","protected":false},"excerpt":{"rendered":"<p>Les chants de No\u00ebl en maternelle (s\u00e9lection 2023).<a class=\"more-link\" href=\"https:\/\/www.anyssa.org\/classedesgnomes\/des-chants-de-noel-en-maternelle\/\">        &#x2192;<\/a><\/p>\n","protected":false},"author":2,"featured_media":15009,"comment_status":"open","ping_status":"open","sticky":false,"template":"","format":"standard","meta":{"jetpack_post_was_ever_published":false,"_jetpack_newsletter_access":"","_jetpack_dont_email_post_to_subs":false,"_jetpack_newsletter_tier_id":0,"_jetpack_memberships_contains_paywalled_content":false,"_jetpack_memberships_contains_paid_content":false,"footnotes":""},"categories":[826,865],"tags":[1066,957],"class_list":["entry","author-anyssa","has-excerpt","post-15005","post","type-post","status-publish","format-standard","has-post-thumbnail","category-education-musicale","category-maternelle","tag-chansons","tag-noel"],"yoast_head":"<!-- This site is optimized with the Yoast SEO plugin v27.5 - https:\/\/yoast.com\/product\/yoast-seo-wordpress\/ -->\n<title>Des chants de No\u00ebl en maternelle ~ La Classe des gnomes<\/title>\n<meta name=\"description\" content=\"Les chants de No\u00ebl en maternelle (s\u00e9lection 2023).\" \/>\n<meta name=\"robots\" content=\"index, follow, max-snippet:-1, max-image-preview:large, max-video-preview:-1\" \/>\n<link rel=\"canonical\" href=\"https:\/\/www.anyssa.org\/classedesgnomes\/des-chants-de-noel-en-maternelle\/\" \/>\n<meta property=\"og:locale\" content=\"fr_FR\" \/>\n<meta property=\"og:type\" content=\"article\" \/>\n<meta property=\"og:title\" content=\"Des chants de No\u00ebl en maternelle ~ La Classe des gnomes\" \/>\n<meta property=\"og:description\" content=\"Les chants de No\u00ebl en maternelle (s\u00e9lection 2023).\" \/>\n<meta property=\"og:url\" content=\"https:\/\/www.anyssa.org\/classedesgnomes\/des-chants-de-noel-en-maternelle\/\" \/>\n<meta property=\"og:site_name\" content=\"La Classe des gnomes\" \/>\n<meta property=\"article:published_time\" content=\"2023-12-10T14:10:26+00:00\" \/>\n<meta property=\"article:modified_time\" content=\"2023-12-10T14:13:24+00:00\" \/>\n<meta property=\"og:image\" content=\"https:\/\/www.anyssa.org\/classedesgnomes\/wp-content\/uploads\/2023\/12\/chants-de-noel_FB.jpg\" \/>\n\t<meta property=\"og:image:width\" content=\"1200\" \/>\n\t<meta property=\"og:image:height\" content=\"630\" \/>\n\t<meta property=\"og:image:type\" content=\"image\/jpeg\" \/>\n<meta name=\"author\" content=\"Anyssa\" \/>\n<meta name=\"twitter:card\" content=\"summary_large_image\" \/>\n<meta name=\"twitter:creator\" content=\"@Anyssa_SE\" \/>\n<meta name=\"twitter:site\" content=\"@Anyssa_SE\" \/>\n<meta name=\"twitter:label1\" content=\"\u00c9crit par\" \/>\n\t<meta name=\"twitter:data1\" content=\"Anyssa\" \/>\n\t<meta name=\"twitter:label2\" content=\"Dur\u00e9e de lecture estim\u00e9e\" \/>\n\t<meta name=\"twitter:data2\" content=\"2 minutes\" \/>\n<script type=\"application\/ld+json\" class=\"yoast-schema-graph\">{\"@context\":\"https:\\\/\\\/schema.org\",\"@graph\":[{\"@type\":\"Article\",\"@id\":\"https:\\\/\\\/www.anyssa.org\\\/classedesgnomes\\\/des-chants-de-noel-en-maternelle\\\/#article\",\"isPartOf\":{\"@id\":\"https:\\\/\\\/www.anyssa.org\\\/classedesgnomes\\\/des-chants-de-noel-en-maternelle\\\/\"},\"author\":{\"name\":\"Anyssa\",\"@id\":\"https:\\\/\\\/www.anyssa.org\\\/classedesgnomes\\\/#\\\/schema\\\/person\\\/239c912ae4cbab448627207cdde96371\"},\"headline\":\"Des chants de No\u00ebl en maternelle\",\"datePublished\":\"2023-12-10T14:10:26+00:00\",\"dateModified\":\"2023-12-10T14:13:24+00:00\",\"mainEntityOfPage\":{\"@id\":\"https:\\\/\\\/www.anyssa.org\\\/classedesgnomes\\\/des-chants-de-noel-en-maternelle\\\/\"},\"wordCount\":149,\"commentCount\":1,\"publisher\":{\"@id\":\"https:\\\/\\\/www.anyssa.org\\\/classedesgnomes\\\/#\\\/schema\\\/person\\\/239c912ae4cbab448627207cdde96371\"},\"image\":{\"@id\":\"https:\\\/\\\/www.anyssa.org\\\/classedesgnomes\\\/des-chants-de-noel-en-maternelle\\\/#primaryimage\"},\"thumbnailUrl\":\"https:\\\/\\\/i0.wp.com\\\/www.anyssa.org\\\/classedesgnomes\\\/wp-content\\\/uploads\\\/2023\\\/12\\\/chants-de-noel_site.png?fit=400%2C300&ssl=1\",\"keywords\":[\"chansons\",\"No\u00ebl\"],\"articleSection\":[\"\u00c9ducation musicale\",\"Maternelle\"],\"inLanguage\":\"fr-FR\",\"potentialAction\":[{\"@type\":\"CommentAction\",\"name\":\"Comment\",\"target\":[\"https:\\\/\\\/www.anyssa.org\\\/classedesgnomes\\\/des-chants-de-noel-en-maternelle\\\/#respond\"]}]},{\"@type\":\"WebPage\",\"@id\":\"https:\\\/\\\/www.anyssa.org\\\/classedesgnomes\\\/des-chants-de-noel-en-maternelle\\\/\",\"url\":\"https:\\\/\\\/www.anyssa.org\\\/classedesgnomes\\\/des-chants-de-noel-en-maternelle\\\/\",\"name\":\"Des chants de No\u00ebl en maternelle ~ La Classe des gnomes\",\"isPartOf\":{\"@id\":\"https:\\\/\\\/www.anyssa.org\\\/classedesgnomes\\\/#website\"},\"primaryImageOfPage\":{\"@id\":\"https:\\\/\\\/www.anyssa.org\\\/classedesgnomes\\\/des-chants-de-noel-en-maternelle\\\/#primaryimage\"},\"image\":{\"@id\":\"https:\\\/\\\/www.anyssa.org\\\/classedesgnomes\\\/des-chants-de-noel-en-maternelle\\\/#primaryimage\"},\"thumbnailUrl\":\"https:\\\/\\\/i0.wp.com\\\/www.anyssa.org\\\/classedesgnomes\\\/wp-content\\\/uploads\\\/2023\\\/12\\\/chants-de-noel_site.png?fit=400%2C300&ssl=1\",\"datePublished\":\"2023-12-10T14:10:26+00:00\",\"dateModified\":\"2023-12-10T14:13:24+00:00\",\"description\":\"Les chants de No\u00ebl en maternelle (s\u00e9lection 2023).\",\"breadcrumb\":{\"@id\":\"https:\\\/\\\/www.anyssa.org\\\/classedesgnomes\\\/des-chants-de-noel-en-maternelle\\\/#breadcrumb\"},\"inLanguage\":\"fr-FR\",\"potentialAction\":[{\"@type\":\"ReadAction\",\"target\":[\"https:\\\/\\\/www.anyssa.org\\\/classedesgnomes\\\/des-chants-de-noel-en-maternelle\\\/\"]}]},{\"@type\":\"ImageObject\",\"inLanguage\":\"fr-FR\",\"@id\":\"https:\\\/\\\/www.anyssa.org\\\/classedesgnomes\\\/des-chants-de-noel-en-maternelle\\\/#primaryimage\",\"url\":\"https:\\\/\\\/i0.wp.com\\\/www.anyssa.org\\\/classedesgnomes\\\/wp-content\\\/uploads\\\/2023\\\/12\\\/chants-de-noel_site.png?fit=400%2C300&ssl=1\",\"contentUrl\":\"https:\\\/\\\/i0.wp.com\\\/www.anyssa.org\\\/classedesgnomes\\\/wp-content\\\/uploads\\\/2023\\\/12\\\/chants-de-noel_site.png?fit=400%2C300&ssl=1\",\"width\":400,\"height\":300},{\"@type\":\"BreadcrumbList\",\"@id\":\"https:\\\/\\\/www.anyssa.org\\\/classedesgnomes\\\/des-chants-de-noel-en-maternelle\\\/#breadcrumb\",\"itemListElement\":[{\"@type\":\"ListItem\",\"position\":1,\"name\":\"Accueil\",\"item\":\"https:\\\/\\\/www.anyssa.org\\\/classedesgnomes\\\/\"},{\"@type\":\"ListItem\",\"position\":2,\"name\":\"Des chants de No\u00ebl en maternelle\"}]},{\"@type\":\"WebSite\",\"@id\":\"https:\\\/\\\/www.anyssa.org\\\/classedesgnomes\\\/#website\",\"url\":\"https:\\\/\\\/www.anyssa.org\\\/classedesgnomes\\\/\",\"name\":\"La Classe des gnomes\",\"description\":\"Des ressources pour la maternelle et l&#039;\u00e9l\u00e9mentaire\",\"publisher\":{\"@id\":\"https:\\\/\\\/www.anyssa.org\\\/classedesgnomes\\\/#\\\/schema\\\/person\\\/239c912ae4cbab448627207cdde96371\"},\"potentialAction\":[{\"@type\":\"SearchAction\",\"target\":{\"@type\":\"EntryPoint\",\"urlTemplate\":\"https:\\\/\\\/www.anyssa.org\\\/classedesgnomes\\\/?s={search_term_string}\"},\"query-input\":{\"@type\":\"PropertyValueSpecification\",\"valueRequired\":true,\"valueName\":\"search_term_string\"}}],\"inLanguage\":\"fr-FR\"},{\"@type\":[\"Person\",\"Organization\"],\"@id\":\"https:\\\/\\\/www.anyssa.org\\\/classedesgnomes\\\/#\\\/schema\\\/person\\\/239c912ae4cbab448627207cdde96371\",\"name\":\"Anyssa\",\"image\":{\"@type\":\"ImageObject\",\"inLanguage\":\"fr-FR\",\"@id\":\"https:\\\/\\\/i0.wp.com\\\/www.anyssa.org\\\/classedesgnomes\\\/wp-content\\\/uploads\\\/2018\\\/09\\\/cropped-lutine_1_C02.jpg?fit=512%2C512&ssl=1\",\"url\":\"https:\\\/\\\/i0.wp.com\\\/www.anyssa.org\\\/classedesgnomes\\\/wp-content\\\/uploads\\\/2018\\\/09\\\/cropped-lutine_1_C02.jpg?fit=512%2C512&ssl=1\",\"contentUrl\":\"https:\\\/\\\/i0.wp.com\\\/www.anyssa.org\\\/classedesgnomes\\\/wp-content\\\/uploads\\\/2018\\\/09\\\/cropped-lutine_1_C02.jpg?fit=512%2C512&ssl=1\",\"width\":512,\"height\":512,\"caption\":\"Anyssa\"},\"logo\":{\"@id\":\"https:\\\/\\\/i0.wp.com\\\/www.anyssa.org\\\/classedesgnomes\\\/wp-content\\\/uploads\\\/2018\\\/09\\\/cropped-lutine_1_C02.jpg?fit=512%2C512&ssl=1\"},\"sameAs\":[\"http:\\\/\\\/www.anyssa.org\\\/classedesgnomes\\\/\"]}]}<\/script>\n<!-- \/ Yoast SEO plugin. -->","yoast_head_json":{"title":"Des chants de No\u00ebl en maternelle ~ La Classe des gnomes","description":"Les chants de No\u00ebl en maternelle (s\u00e9lection 2023).","robots":{"index":"index","follow":"follow","max-snippet":"max-snippet:-1","max-image-preview":"max-image-preview:large","max-video-preview":"max-video-preview:-1"},"canonical":"https:\/\/www.anyssa.org\/classedesgnomes\/des-chants-de-noel-en-maternelle\/","og_locale":"fr_FR","og_type":"article","og_title":"Des chants de No\u00ebl en maternelle ~ La Classe des gnomes","og_description":"Les chants de No\u00ebl en maternelle (s\u00e9lection 2023).","og_url":"https:\/\/www.anyssa.org\/classedesgnomes\/des-chants-de-noel-en-maternelle\/","og_site_name":"La Classe des gnomes","article_published_time":"2023-12-10T14:10:26+00:00","article_modified_time":"2023-12-10T14:13:24+00:00","og_image":[{"width":1200,"height":630,"url":"https:\/\/www.anyssa.org\/classedesgnomes\/wp-content\/uploads\/2023\/12\/chants-de-noel_FB.jpg","type":"image\/jpeg"}],"author":"Anyssa","twitter_card":"summary_large_image","twitter_creator":"@Anyssa_SE","twitter_site":"@Anyssa_SE","twitter_misc":{"\u00c9crit par":"Anyssa","Dur\u00e9e de lecture estim\u00e9e":"2 minutes"},"schema":{"@context":"https:\/\/schema.org","@graph":[{"@type":"Article","@id":"https:\/\/www.anyssa.org\/classedesgnomes\/des-chants-de-noel-en-maternelle\/#article","isPartOf":{"@id":"https:\/\/www.anyssa.org\/classedesgnomes\/des-chants-de-noel-en-maternelle\/"},"author":{"name":"Anyssa","@id":"https:\/\/www.anyssa.org\/classedesgnomes\/#\/schema\/person\/239c912ae4cbab448627207cdde96371"},"headline":"Des chants de No\u00ebl en maternelle","datePublished":"2023-12-10T14:10:26+00:00","dateModified":"2023-12-10T14:13:24+00:00","mainEntityOfPage":{"@id":"https:\/\/www.anyssa.org\/classedesgnomes\/des-chants-de-noel-en-maternelle\/"},"wordCount":149,"commentCount":1,"publisher":{"@id":"https:\/\/www.anyssa.org\/classedesgnomes\/#\/schema\/person\/239c912ae4cbab448627207cdde96371"},"image":{"@id":"https:\/\/www.anyssa.org\/classedesgnomes\/des-chants-de-noel-en-maternelle\/#primaryimage"},"thumbnailUrl":"https:\/\/i0.wp.com\/www.anyssa.org\/classedesgnomes\/wp-content\/uploads\/2023\/12\/chants-de-noel_site.png?fit=400%2C300&ssl=1","keywords":["chansons","No\u00ebl"],"articleSection":["\u00c9ducation musicale","Maternelle"],"inLanguage":"fr-FR","potentialAction":[{"@type":"CommentAction","name":"Comment","target":["https:\/\/www.anyssa.org\/classedesgnomes\/des-chants-de-noel-en-maternelle\/#respond"]}]},{"@type":"WebPage","@id":"https:\/\/www.anyssa.org\/classedesgnomes\/des-chants-de-noel-en-maternelle\/","url":"https:\/\/www.anyssa.org\/classedesgnomes\/des-chants-de-noel-en-maternelle\/","name":"Des chants de No\u00ebl en maternelle ~ La Classe des gnomes","isPartOf":{"@id":"https:\/\/www.anyssa.org\/classedesgnomes\/#website"},"primaryImageOfPage":{"@id":"https:\/\/www.anyssa.org\/classedesgnomes\/des-chants-de-noel-en-maternelle\/#primaryimage"},"image":{"@id":"https:\/\/www.anyssa.org\/classedesgnomes\/des-chants-de-noel-en-maternelle\/#primaryimage"},"thumbnailUrl":"https:\/\/i0.wp.com\/www.anyssa.org\/classedesgnomes\/wp-content\/uploads\/2023\/12\/chants-de-noel_site.png?fit=400%2C300&ssl=1","datePublished":"2023-12-10T14:10:26+00:00","dateModified":"2023-12-10T14:13:24+00:00","description":"Les chants de No\u00ebl en maternelle (s\u00e9lection 2023).","breadcrumb":{"@id":"https:\/\/www.anyssa.org\/classedesgnomes\/des-chants-de-noel-en-maternelle\/#breadcrumb"},"inLanguage":"fr-FR","potentialAction":[{"@type":"ReadAction","target":["https:\/\/www.anyssa.org\/classedesgnomes\/des-chants-de-noel-en-maternelle\/"]}]},{"@type":"ImageObject","inLanguage":"fr-FR","@id":"https:\/\/www.anyssa.org\/classedesgnomes\/des-chants-de-noel-en-maternelle\/#primaryimage","url":"https:\/\/i0.wp.com\/www.anyssa.org\/classedesgnomes\/wp-content\/uploads\/2023\/12\/chants-de-noel_site.png?fit=400%2C300&ssl=1","contentUrl":"https:\/\/i0.wp.com\/www.anyssa.org\/classedesgnomes\/wp-content\/uploads\/2023\/12\/chants-de-noel_site.png?fit=400%2C300&ssl=1","width":400,"height":300},{"@type":"BreadcrumbList","@id":"https:\/\/www.anyssa.org\/classedesgnomes\/des-chants-de-noel-en-maternelle\/#breadcrumb","itemListElement":[{"@type":"ListItem","position":1,"name":"Accueil","item":"https:\/\/www.anyssa.org\/classedesgnomes\/"},{"@type":"ListItem","position":2,"name":"Des chants de No\u00ebl en maternelle"}]},{"@type":"WebSite","@id":"https:\/\/www.anyssa.org\/classedesgnomes\/#website","url":"https:\/\/www.anyssa.org\/classedesgnomes\/","name":"La Classe des gnomes","description":"Des ressources pour la maternelle et l&#039;\u00e9l\u00e9mentaire","publisher":{"@id":"https:\/\/www.anyssa.org\/classedesgnomes\/#\/schema\/person\/239c912ae4cbab448627207cdde96371"},"potentialAction":[{"@type":"SearchAction","target":{"@type":"EntryPoint","urlTemplate":"https:\/\/www.anyssa.org\/classedesgnomes\/?s={search_term_string}"},"query-input":{"@type":"PropertyValueSpecification","valueRequired":true,"valueName":"search_term_string"}}],"inLanguage":"fr-FR"},{"@type":["Person","Organization"],"@id":"https:\/\/www.anyssa.org\/classedesgnomes\/#\/schema\/person\/239c912ae4cbab448627207cdde96371","name":"Anyssa","image":{"@type":"ImageObject","inLanguage":"fr-FR","@id":"https:\/\/i0.wp.com\/www.anyssa.org\/classedesgnomes\/wp-content\/uploads\/2018\/09\/cropped-lutine_1_C02.jpg?fit=512%2C512&ssl=1","url":"https:\/\/i0.wp.com\/www.anyssa.org\/classedesgnomes\/wp-content\/uploads\/2018\/09\/cropped-lutine_1_C02.jpg?fit=512%2C512&ssl=1","contentUrl":"https:\/\/i0.wp.com\/www.anyssa.org\/classedesgnomes\/wp-content\/uploads\/2018\/09\/cropped-lutine_1_C02.jpg?fit=512%2C512&ssl=1","width":512,"height":512,"caption":"Anyssa"},"logo":{"@id":"https:\/\/i0.wp.com\/www.anyssa.org\/classedesgnomes\/wp-content\/uploads\/2018\/09\/cropped-lutine_1_C02.jpg?fit=512%2C512&ssl=1"},"sameAs":["http:\/\/www.anyssa.org\/classedesgnomes\/"]}]}},"jetpack_featured_media_url":"https:\/\/i0.wp.com\/www.anyssa.org\/classedesgnomes\/wp-content\/uploads\/2023\/12\/chants-de-noel_site.png?fit=400%2C300&ssl=1","jetpack_likes_enabled":true,"jetpack-related-posts":[{"id":11496,"url":"https:\/\/www.anyssa.org\/classedesgnomes\/chants-comptines-de-noel\/","url_meta":{"origin":15005,"position":0},"title":"Chants et comptines de No\u00ebl","author":"Anyssa","date":"18 novembre 2017","format":false,"excerpt":"Une compilation des chants et comptines de No\u00ebl que je propose dans mes classes. Avec les paroles et les pistes audios.","rel":"","context":"Dans &quot;Chanter en maternelle&quot;","block_context":{"text":"Chanter en maternelle","link":"https:\/\/www.anyssa.org\/classedesgnomes\/maternelle\/comptines-maternelle\/"},"img":{"alt_text":"","src":"https:\/\/i0.wp.com\/www.anyssa.org\/classedesgnomes\/wp-content\/uploads\/2017\/11\/ppoz-pere-noel_400.jpg?fit=400%2C300&ssl=1&resize=350%2C200","width":350,"height":200},"classes":[]},{"id":3216,"url":"https:\/\/www.anyssa.org\/classedesgnomes\/noel-dans-la-classe-des-gnomes\/","url_meta":{"origin":15005,"position":1},"title":"No\u00ebl dans la classe des gnomes","author":"Anyssa","date":"20 novembre 2012","format":false,"excerpt":"Aborder le th\u00e8me de No\u00ebl en classe, c'est incontournable pour moi !Je centralise dans cet article la liste de mes ressources.","rel":"","context":"Dans &quot;Arts visuels&quot;","block_context":{"text":"Arts visuels","link":"https:\/\/www.anyssa.org\/classedesgnomes\/culture-humaniste\/arts\/arts-visuels\/"},"img":{"alt_text":"","src":"https:\/\/i0.wp.com\/www.anyssa.org\/classedesgnomes\/wp-content\/uploads\/2012\/11\/pere-noel-poz_FB.png?fit=560%2C292&ssl=1&resize=350%2C200","width":350,"height":200,"srcset":"https:\/\/i0.wp.com\/www.anyssa.org\/classedesgnomes\/wp-content\/uploads\/2012\/11\/pere-noel-poz_FB.png?fit=560%2C292&ssl=1&resize=350%2C200 1x, https:\/\/i0.wp.com\/www.anyssa.org\/classedesgnomes\/wp-content\/uploads\/2012\/11\/pere-noel-poz_FB.png?fit=560%2C292&ssl=1&resize=525%2C300 1.5x"},"classes":[]},{"id":10184,"url":"https:\/\/www.anyssa.org\/classedesgnomes\/des-chansons-de-noel-pleines-dhumour-pour-des-cm\/","url_meta":{"origin":15005,"position":2},"title":"Des chansons de No\u00ebl pleines d&rsquo;humour (pour des CM)","author":"Anyssa","date":"12 d\u00e9cembre 2015","format":false,"excerpt":"On n'est pas oblig\u00e9 de se prendre au s\u00e9rieux quand on chante des chansons de No\u00ebl. Je partage aujourd'hui deux chansons de ma jeunesse que j'adore et qui devraient faire sourire vos \u00e9l\u00e8ves.","rel":"","context":"Dans &quot;\u00c9ducation musicale&quot;","block_context":{"text":"\u00c9ducation musicale","link":"https:\/\/www.anyssa.org\/classedesgnomes\/culture-humaniste\/arts\/education-musicale\/"},"img":{"alt_text":"","src":"https:\/\/i0.wp.com\/www.anyssa.org\/classedesgnomes\/wp-content\/uploads\/2017\/11\/ppoz-pere-noel_400.jpg?fit=400%2C300&ssl=1&resize=350%2C200","width":350,"height":200},"classes":[]},{"id":14095,"url":"https:\/\/www.anyssa.org\/classedesgnomes\/maternelle-noel-activites-decembre\/","url_meta":{"origin":15005,"position":3},"title":"Maternelle &#8211; No\u00ebl &#8211; Activit\u00e9s de d\u00e9cembre","author":"Anyssa","date":"28 novembre 2021","format":false,"excerpt":"Les activit\u00e9s de d\u00e9cembre sur le th\u00e8me de No\u00ebl : calendrier de l'avent, albums, sapin des mots, ateliers autonomes... et d'autres pistes !","rel":"","context":"Dans &quot;Albums maternelle&quot;","block_context":{"text":"Albums maternelle","link":"https:\/\/www.anyssa.org\/classedesgnomes\/maternelle\/langage\/albums-maternelle\/"},"img":{"alt_text":"","src":"https:\/\/i0.wp.com\/www.anyssa.org\/classedesgnomes\/wp-content\/uploads\/2012\/11\/pere-noel-poz_FB.png?fit=560%2C292&ssl=1&resize=350%2C200","width":350,"height":200,"srcset":"https:\/\/i0.wp.com\/www.anyssa.org\/classedesgnomes\/wp-content\/uploads\/2012\/11\/pere-noel-poz_FB.png?fit=560%2C292&ssl=1&resize=350%2C200 1x, https:\/\/i0.wp.com\/www.anyssa.org\/classedesgnomes\/wp-content\/uploads\/2012\/11\/pere-noel-poz_FB.png?fit=560%2C292&ssl=1&resize=525%2C300 1.5x"},"classes":[]},{"id":9285,"url":"https:\/\/www.anyssa.org\/classedesgnomes\/des-chansons-pour-la-classe\/","url_meta":{"origin":15005,"position":4},"title":"Des chansons pour la classe","author":"Anyssa","date":"5 octobre 2015","format":false,"excerpt":"Je regroupe dans cet article les chansons que j'ai exploit\u00e9es en classe. Vous trouverez les paroles, les pistes audio mp3, et parfois des liens vers des vid\u00e9os YouTube.","rel":"","context":"Dans &quot;Chanter en maternelle&quot;","block_context":{"text":"Chanter en maternelle","link":"https:\/\/www.anyssa.org\/classedesgnomes\/maternelle\/comptines-maternelle\/"},"img":{"alt_text":"poz-guitareC-200","src":"https:\/\/i0.wp.com\/www.anyssa.org\/classedesgnomes\/wp-content\/uploads\/2015\/02\/poz-guitareC-200.png?resize=350%2C200","width":350,"height":200},"classes":[]},{"id":12435,"url":"https:\/\/www.anyssa.org\/classedesgnomes\/maternelle-la-guirlande-du-mot-noel\/","url_meta":{"origin":15005,"position":5},"title":"Maternelle &#8211; La guirlande du mot NO\u00cbL","author":"Anyssa","date":"12 d\u00e9cembre 2018","format":false,"excerpt":"Pour allier apprentissage des lettres en capitales et d\u00e9coration de No\u00ebl, fabriquer une belle guirlande du mot NO\u00cbL avec des \u00e9l\u00e8ves de MS et GS.","rel":"","context":"Dans &quot;Arts platiques&quot;","block_context":{"text":"Arts platiques","link":"https:\/\/www.anyssa.org\/classedesgnomes\/maternelle\/arts-platiques\/"},"img":{"alt_text":"","src":"https:\/\/i0.wp.com\/www.anyssa.org\/classedesgnomes\/wp-content\/uploads\/2018\/12\/guirlande-noel.jpg?fit=400%2C300&ssl=1&resize=350%2C200","width":350,"height":200},"classes":[]}],"jetpack_sharing_enabled":true,"_links":{"self":[{"href":"https:\/\/www.anyssa.org\/classedesgnomes\/wp-json\/wp\/v2\/posts\/15005","targetHints":{"allow":["GET"]}}],"collection":[{"href":"https:\/\/www.anyssa.org\/classedesgnomes\/wp-json\/wp\/v2\/posts"}],"about":[{"href":"https:\/\/www.anyssa.org\/classedesgnomes\/wp-json\/wp\/v2\/types\/post"}],"author":[{"embeddable":true,"href":"https:\/\/www.anyssa.org\/classedesgnomes\/wp-json\/wp\/v2\/users\/2"}],"replies":[{"embeddable":true,"href":"https:\/\/www.anyssa.org\/classedesgnomes\/wp-json\/wp\/v2\/comments?post=15005"}],"version-history":[{"count":0,"href":"https:\/\/www.anyssa.org\/classedesgnomes\/wp-json\/wp\/v2\/posts\/15005\/revisions"}],"wp:featuredmedia":[{"embeddable":true,"href":"https:\/\/www.anyssa.org\/classedesgnomes\/wp-json\/wp\/v2\/media\/15009"}],"wp:attachment":[{"href":"https:\/\/www.anyssa.org\/classedesgnomes\/wp-json\/wp\/v2\/media?parent=15005"}],"wp:term":[{"taxonomy":"category","embeddable":true,"href":"https:\/\/www.anyssa.org\/classedesgnomes\/wp-json\/wp\/v2\/categories?post=15005"},{"taxonomy":"post_tag","embeddable":true,"href":"https:\/\/www.anyssa.org\/classedesgnomes\/wp-json\/wp\/v2\/tags?post=15005"}],"curies":[{"name":"wp","href":"https:\/\/api.w.org\/{rel}","templated":true}]}}