{"id":14338,"date":"2022-08-23T17:04:49","date_gmt":"2022-08-23T15:04:49","guid":{"rendered":"https:\/\/www.anyssa.org\/classedesgnomes\/?p=14338"},"modified":"2022-08-23T17:09:23","modified_gmt":"2022-08-23T15:09:23","slug":"maternelle-gs-progressions-programmations-emploi-du-temps-cahier-journal","status":"publish","type":"post","link":"https:\/\/www.anyssa.org\/classedesgnomes\/maternelle-gs-progressions-programmations-emploi-du-temps-cahier-journal\/","title":{"rendered":"Maternelle GS &#8211; Progressions, programmations, emploi du temps, cahier journal"},"content":{"rendered":"\n<p style=\"text-align: center\"><img data-recalc-dims=\"1\" decoding=\"async\" class=\"alignnone size-full wp-image-14341\" src=\"https:\/\/i0.wp.com\/www.anyssa.org\/classedesgnomes\/wp-content\/uploads\/2022\/08\/prog_article.jpg?resize=400%2C300&#038;ssl=1\" alt=\"\" width=\"400\" height=\"300\" srcset=\"https:\/\/i0.wp.com\/www.anyssa.org\/classedesgnomes\/wp-content\/uploads\/2022\/08\/prog_article.jpg?w=400&amp;ssl=1 400w, https:\/\/i0.wp.com\/www.anyssa.org\/classedesgnomes\/wp-content\/uploads\/2022\/08\/prog_article.jpg?resize=267%2C200&amp;ssl=1 267w, https:\/\/i0.wp.com\/www.anyssa.org\/classedesgnomes\/wp-content\/uploads\/2022\/08\/prog_article.jpg?resize=300%2C225&amp;ssl=1 300w\" sizes=\"(max-width: 400px) 100vw, 400px\" \/><\/p>\n<p>Un article gestion de classe dans lequel je vous partage des documents pour organiser les apprentissages en Grande Section :<\/p>\n<ul>\n<li>des docs pour organiser les apprentissages : des progressions annuelles en math\u00e9matiques, langage \u00e9crit et phonologie, ma programmation p\u00e9riodique dans tous les domaines (p\u00e9riode 1),<\/li>\n<li>l&rsquo;affichage du d\u00e9roulement- type de la journ\u00e9e,<\/li>\n<li>\u00a0un document pour organiser les ateliers sur la semaine (le semainier des ateliers),<\/li>\n<li>les activit\u00e9s \u00e0 mener dans les temps de regroupement,<\/li>\n<li>mon cahier-journal quotidien : la trame de mon cahier-journal, le cahier-journal cadre (explications d\u00e9taill\u00e9es plus bas),<\/li>\n<li>et enfin : mon cahier-journal des deux premiers jours de classe.<\/li>\n<\/ul>\n<p><em>Disclaimer<\/em> : je vais \u00e0 contre-courant de la tendance actuelle et privil\u00e9gie une pr\u00e9sentation minimaliste de mes documents (pas de police exotique, pas de cadre color\u00e9). \u00c9conomie de temps de conception, \u00e9conomie d&rsquo;encre, \u00e9conomie de papier&#8230; Mes documents sont volontairement aust\u00e8res !<\/p>\n<p>\u00c0 pr\u00e9sent, place aux t\u00e9l\u00e9chargements.<\/p>\n\n\n\n<h2 class=\"wp-block-heading\">Des progressions annuelles<\/h2>\n\n\n\n<div class=\"wp-block-columns is-layout-flex wp-container-core-columns-is-layout-9d6595d7 wp-block-columns-is-layout-flex\">\n<div class=\"wp-block-column is-layout-flow wp-block-column-is-layout-flow\">\n<h4>Programmation de math\u00e9matiques<\/h4>\n<p><a href=\"\/classedesgnomes\/wp-content\/uploads\/documents\/gestion-classe\/progression-annuelle_2223_mathematique.pdf\"><img decoding=\"async\" class=\"telechargement alignnone\" title=\"Programmation annuelle de math\u00e9matiques - GS\" src=\"\/classedesgnomes\/wp-content\/uploads\/documents\/gestion-classe\/progression-annuelle_2223_mathematique-_pdf.jpg\" alt=\"Programmation annuelle de math\u00e9matiques - GS\" width=\"450\" height=\"600\" \/><\/a><\/p>\n<\/div>\n\n\n\n<div class=\"wp-block-column is-layout-flow wp-block-column-is-layout-flow\">\n<h4>Programmation de<br \/>phonologie<\/h4>\n<p><a href=\"\/classedesgnomes\/wp-content\/uploads\/documents\/gestion-classe\/progression-annuelle_2122_phonologie.pdf\"><img decoding=\"async\" class=\"telechargement alignnone\" title=\"Programmation annuelle de phonologie - GS\" src=\"\/classedesgnomes\/wp-content\/uploads\/documents\/gestion-classe\/progression-annuelle_2122_phonologie_pdf.jpg\" alt=\"Programmation annuelle de phonologie - GS\" width=\"450\" height=\"600\" \/><\/a><\/p>\n<\/div>\n\n\n\n<div class=\"wp-block-column is-layout-flow wp-block-column-is-layout-flow\">\n<h4>Programmation CLEO GS<br \/>Entr\u00e9e dans l&rsquo;\u00e9crit<\/h4>\n<p><a href=\"\/classedesgnomes\/wp-content\/uploads\/documents\/gestion-classe\/progression-annuelle_2223_langage-CLEO-GS.pdf\"><img decoding=\"async\" class=\"telechargement alignnone\" title=\"Programmation CLEO GS Entr\u00e9e dans l'\u00e9crit\" src=\"\/classedesgnomes\/wp-content\/uploads\/documents\/gestion-classe\/progression-annuelle_2223_langage-CLEO-GS_pdf.jpg\" alt=\"Programmation CLEO GS Entr\u00e9e dans l'\u00e9crit\" width=\"450\" height=\"600\" \/><\/a><\/p>\n<\/div>\n<\/div>\n\n\n\n<h2 class=\"wp-block-heading\">Des documents pour organiser une p\u00e9riode<\/h2>\n\n\n\n<div class=\"wp-block-columns is-layout-flex wp-container-core-columns-is-layout-9d6595d7 wp-block-columns-is-layout-flex\">\n<div class=\"wp-block-column is-vertically-aligned-top is-layout-flow wp-block-column-is-layout-flow\">\n<h4>La programmation de la p\u00e9riode 1<\/h4>\n<p><a href=\"\/classedesgnomes\/wp-content\/uploads\/documents\/gestion-classe\/programmation-periodique_2223_periode1.pdf\"><img decoding=\"async\" class=\"telechargement alignnone\" title=\"Programmation p\u00e9riodique - p\u00e9riode 1\" src=\"\/classedesgnomes\/wp-content\/uploads\/documents\/gestion-classe\/programmation-periodique_2223_periode1_pdf.jpg\" alt=\"Programmation p\u00e9riodique - p\u00e9riode 1\" width=\"450\" height=\"600\" \/><\/a><\/p>\n<\/div>\n\n\n\n<div class=\"wp-block-column is-layout-flow wp-block-column-is-layout-flow\">\n<p><\/p>\n<h4>La planification hebdomadaire des activit\u00e9s<\/h4>\n<p><a href=\"\/classedesgnomes\/wp-content\/uploads\/documents\/gestion-classe\/ateliers-hebdomadaires_2223_periode1.pdf\"><img decoding=\"async\" class=\"telechargement alignnone\" title=\"La planification hebdomadaire des activit\u00e9s\" src=\"\/classedesgnomes\/wp-content\/uploads\/documents\/gestion-classe\/ateliers-hebdomadaires_2223_periode1_pdf.jpg\" alt=\"La planification hebdomadaire des activit\u00e9s\" width=\"450\" height=\"400\" \/><\/a><\/p>\n<p>Je compl\u00e8te ce document le dimanche matin, quand je planifie la semaine \u00e0 venir.<\/p>\n<p><\/p>\n<\/div>\n\n\n\n<div class=\"wp-block-column is-vertically-aligned-top is-layout-flow wp-block-column-is-layout-flow\">\n<p><\/p>\n<h4>Les activit\u00e9s \u00e0 mener en regroupement<\/h4>\n<p><a href=\"\/classedesgnomes\/wp-content\/uploads\/documents\/gestion-classe\/emploi-du-temps_activites-en-regroupement.pdf\"><img decoding=\"async\" class=\"telechargement alignnone\" title=\"Les activit\u00e9s \u00e0 mener durant les temps de regroupement\" src=\"\/classedesgnomes\/wp-content\/uploads\/documents\/gestion-classe\/emploi-du-temps_activites-en-regroupement_pdf.jpg\" alt=\"Les activit\u00e9s \u00e0 mener durant les temps de regroupement\" width=\"450\" height=\"600\" \/><\/a><\/p>\n<p><\/p>\n<\/div>\n<\/div>\n\n\n\n<h2 class=\"wp-block-heading\">Les documents pour organiser une journ\u00e9e de classe<\/h2>\n\n\n\n<div class=\"wp-block-columns is-layout-flex wp-container-core-columns-is-layout-9d6595d7 wp-block-columns-is-layout-flex\">\n<div class=\"wp-block-column is-layout-flow wp-block-column-is-layout-flow\">\n<h4>Une journ\u00e9e de classe type (affichage)<\/h4>\n<p><a href=\"\/classedesgnomes\/wp-content\/uploads\/documents\/gestion-classe\/emploi-du-temps_deroulement-journee-type.pdf\"><img decoding=\"async\" class=\"telechargement alignnone\" title=\"Le d\u00e9roulement d'une journ\u00e9e de classe type\" src=\"\/classedesgnomes\/wp-content\/uploads\/documents\/gestion-classe\/emploi-du-temps_deroulement-journee-type_pdf.jpg\" alt=\"Le d\u00e9roulement d'une journ\u00e9e de classe type\" width=\"450\" height=\"600\" \/><\/a><\/p>\n<p><a href=\"\/classedesgnomes\/wp-content\/uploads\/documents\/gestion-classe\/emploi-du-temps_deroulement-journee-type.docx\"><img data-recalc-dims=\"1\" decoding=\"async\" class=\"illustration alignnone wp-image-8502 size-full\" title=\"Le d\u00e9roulement d'une journ\u00e9e de classe type\" src=\"https:\/\/i0.wp.com\/www.anyssa.org\/classedesgnomes\/wp-content\/uploads\/2015\/05\/fich-modif_word.png?resize=199%2C29&#038;ssl=1\" alt=\"Le d\u00e9roulement d'une journ\u00e9e de classe type\" width=\"199\" height=\"29\" \/><\/a><\/p>\n<\/div>\n\n\n\n<div class=\"wp-block-column is-layout-flow wp-block-column-is-layout-flow\">\n<h4>Mon cahier-journal cadre<\/h4>\n<p><a href=\"\/classedesgnomes\/wp-content\/uploads\/documents\/gestion-classe\/cahier-journal-cadre.pdf\"><img decoding=\"async\" class=\"telechargement alignnone\" title=\"Mon cahier-journal cadre\" src=\"\/classedesgnomes\/wp-content\/uploads\/documents\/gestion-classe\/cahier-journal-cadre_pdf.jpg\" alt=\"Mon cahier-journal cadre\" width=\"450\" height=\"600\" \/><\/a><\/p>\n<\/div>\n\n\n\n<div class=\"wp-block-column is-layout-flow wp-block-column-is-layout-flow\"><\/div>\n<\/div>\n\n\n\n<p><strong>Le cahier-journal cadre<\/strong> d\u00e9taille le d\u00e9roulement des activit\u00e9s ritualis\u00e9es : l&rsquo;accueil du matin, les rituels de la date et des pr\u00e9sents. Ces activit\u00e9s sont quasiment identiques d&rsquo;un jour sur l&rsquo;autre sur un laps de temps assez long (souvent la p\u00e9riode), m\u00eame si la fa\u00e7on de les faire vivre \u00e9volue au fil des semaines. Pour ne pas copier-coller de d\u00e9roulement dans mon cahier-journal quotidien, je pr\u00e9sente ces rituels dans un document plac\u00e9 sur mon bureau et que je ne r\u00e9imprime qu&rsquo;en cas de modifications significatives. Cela me permet un gain de place dans mon cahier-journal quotidien, et donc une \u00e9conomie de papier.<\/p>\n\n\n\n<div class=\"wp-block-columns is-layout-flex wp-container-core-columns-is-layout-9d6595d7 wp-block-columns-is-layout-flex\">\n<div class=\"wp-block-column is-layout-flow wp-block-column-is-layout-flow\">\n<h4>Mon cahier-journal de la rentr\u00e9e<\/h4>\n<p><a href=\"\/classedesgnomes\/wp-content\/uploads\/documents\/gestion-classe\/CJ-22-09-01-02-jeudi-vendredi.pdf\"><img decoding=\"async\" class=\"telechargement alignnone\" title=\"Mon cahier-journal de la rentr\u00e9e 2022\" src=\"\/classedesgnomes\/wp-content\/uploads\/documents\/gestion-classe\/CJ-22-09-01-02-jeudi-vendredi_pdf.jpg\" alt=\"Mon cahier-journal de la rentr\u00e9e 2022\" width=\"450\" height=\"600\" \/><\/a><\/p>\n<p><a href=\"\/classedesgnomes\/wp-content\/uploads\/documents\/gestion-classe\/CJ-22-09-01-02-jeudi-vendredi.docx\"><img data-recalc-dims=\"1\" decoding=\"async\" class=\"illustration alignnone wp-image-8502 size-full\" title=\"Mon cahier-journal de la rentr\u00e9e 2022 - version modifiable\" src=\"https:\/\/i0.wp.com\/www.anyssa.org\/classedesgnomes\/wp-content\/uploads\/2015\/05\/fich-modif_word.png?resize=199%2C29&#038;ssl=1\" alt=\"Mon cahier-journal de la rentr\u00e9e 2022 - version modifiable\" width=\"199\" height=\"29\" \/><\/a><\/p>\n<\/div>\n\n\n\n<div class=\"wp-block-column is-layout-flow wp-block-column-is-layout-flow\"><\/div>\n\n\n\n<div class=\"wp-block-column is-layout-flow wp-block-column-is-layout-flow\"><\/div>\n<\/div>\n","protected":false},"excerpt":{"rendered":"<p>Tout pour pr\u00e9parer la rentr\u00e9e 2022 : progressions, programmations, emploi du temps, cahier-journal&#8230;<a class=\"more-link\" href=\"https:\/\/www.anyssa.org\/classedesgnomes\/maternelle-gs-progressions-programmations-emploi-du-temps-cahier-journal\/\">        &#x2192;<\/a><\/p>\n","protected":false},"author":2,"featured_media":14342,"comment_status":"open","ping_status":"open","sticky":false,"template":"","format":"standard","meta":{"jetpack_post_was_ever_published":false,"_jetpack_newsletter_access":"","_jetpack_dont_email_post_to_subs":false,"_jetpack_newsletter_tier_id":0,"_jetpack_memberships_contains_paywalled_content":false,"_jetpack_memberships_contains_paid_content":false,"footnotes":""},"categories":[865,961],"tags":[1260,1258,1259,58],"class_list":["entry","author-anyssa","has-excerpt","post-14338","post","type-post","status-publish","format-standard","has-post-thumbnail","category-maternelle","category-outils-organisation-maternelle","tag-cahier-journal-2","tag-programmations","tag-progressions","tag-rentree"],"yoast_head":"<!-- This site is optimized with the Yoast SEO plugin v27.5 - https:\/\/yoast.com\/product\/yoast-seo-wordpress\/ -->\n<title>Maternelle GS - Progressions, programmations, emploi du temps, cahier journal ~ La Classe des gnomes<\/title>\n<meta name=\"description\" content=\"Tout pour pr\u00e9parer la rentr\u00e9e 2022 : progressions, programmations, emploi du temps, cahier-journal...\" \/>\n<meta name=\"robots\" content=\"index, follow, max-snippet:-1, max-image-preview:large, max-video-preview:-1\" \/>\n<link rel=\"canonical\" href=\"https:\/\/www.anyssa.org\/classedesgnomes\/maternelle-gs-progressions-programmations-emploi-du-temps-cahier-journal\/\" \/>\n<meta property=\"og:locale\" content=\"fr_FR\" \/>\n<meta property=\"og:type\" content=\"article\" \/>\n<meta property=\"og:title\" content=\"Maternelle GS - Progressions, programmations, emploi du temps, cahier journal ~ La Classe des gnomes\" \/>\n<meta property=\"og:description\" content=\"Tout pour pr\u00e9parer la rentr\u00e9e 2022 : progressions, programmations, emploi du temps, cahier-journal...\" \/>\n<meta property=\"og:url\" content=\"https:\/\/www.anyssa.org\/classedesgnomes\/maternelle-gs-progressions-programmations-emploi-du-temps-cahier-journal\/\" \/>\n<meta property=\"og:site_name\" content=\"La Classe des gnomes\" \/>\n<meta property=\"article:published_time\" content=\"2022-08-23T15:04:49+00:00\" \/>\n<meta property=\"article:modified_time\" content=\"2022-08-23T15:09:23+00:00\" \/>\n<meta property=\"og:image\" content=\"https:\/\/www.anyssa.org\/classedesgnomes\/wp-content\/uploads\/2022\/08\/prog_article-1.jpg\" \/>\n\t<meta property=\"og:image:width\" content=\"400\" \/>\n\t<meta property=\"og:image:height\" content=\"300\" \/>\n\t<meta property=\"og:image:type\" content=\"image\/jpeg\" \/>\n<meta name=\"author\" content=\"Anyssa\" \/>\n<meta name=\"twitter:card\" content=\"summary_large_image\" \/>\n<meta name=\"twitter:image\" content=\"https:\/\/i0.wp.com\/www.anyssa.org\/classedesgnomes\/wp-content\/uploads\/2022\/08\/prog_article-1.jpg?fit=400%2C300&ssl=1\" \/>\n<meta name=\"twitter:creator\" content=\"@Anyssa_SE\" \/>\n<meta name=\"twitter:site\" content=\"@Anyssa_SE\" \/>\n<meta name=\"twitter:label1\" content=\"\u00c9crit par\" \/>\n\t<meta name=\"twitter:data1\" content=\"Anyssa\" \/>\n\t<meta name=\"twitter:label2\" content=\"Dur\u00e9e de lecture estim\u00e9e\" \/>\n\t<meta name=\"twitter:data2\" content=\"5 minutes\" \/>\n<script type=\"application\/ld+json\" class=\"yoast-schema-graph\">{\"@context\":\"https:\\\/\\\/schema.org\",\"@graph\":[{\"@type\":\"Article\",\"@id\":\"https:\\\/\\\/www.anyssa.org\\\/classedesgnomes\\\/maternelle-gs-progressions-programmations-emploi-du-temps-cahier-journal\\\/#article\",\"isPartOf\":{\"@id\":\"https:\\\/\\\/www.anyssa.org\\\/classedesgnomes\\\/maternelle-gs-progressions-programmations-emploi-du-temps-cahier-journal\\\/\"},\"author\":{\"name\":\"Anyssa\",\"@id\":\"https:\\\/\\\/www.anyssa.org\\\/classedesgnomes\\\/#\\\/schema\\\/person\\\/239c912ae4cbab448627207cdde96371\"},\"headline\":\"Maternelle GS &#8211; Progressions, programmations, emploi du temps, cahier journal\",\"datePublished\":\"2022-08-23T15:04:49+00:00\",\"dateModified\":\"2022-08-23T15:09:23+00:00\",\"mainEntityOfPage\":{\"@id\":\"https:\\\/\\\/www.anyssa.org\\\/classedesgnomes\\\/maternelle-gs-progressions-programmations-emploi-du-temps-cahier-journal\\\/\"},\"wordCount\":360,\"commentCount\":9,\"publisher\":{\"@id\":\"https:\\\/\\\/www.anyssa.org\\\/classedesgnomes\\\/#\\\/schema\\\/person\\\/239c912ae4cbab448627207cdde96371\"},\"image\":{\"@id\":\"https:\\\/\\\/www.anyssa.org\\\/classedesgnomes\\\/maternelle-gs-progressions-programmations-emploi-du-temps-cahier-journal\\\/#primaryimage\"},\"thumbnailUrl\":\"https:\\\/\\\/i0.wp.com\\\/www.anyssa.org\\\/classedesgnomes\\\/wp-content\\\/uploads\\\/2022\\\/08\\\/prog_article-1.jpg?fit=400%2C300&ssl=1\",\"keywords\":[\"Cahier-journal\",\"Programmations\",\"Progressions\",\"Rentr\u00e9e\"],\"articleSection\":[\"Maternelle\",\"Outils et organisation en maternelle\"],\"inLanguage\":\"fr-FR\",\"potentialAction\":[{\"@type\":\"CommentAction\",\"name\":\"Comment\",\"target\":[\"https:\\\/\\\/www.anyssa.org\\\/classedesgnomes\\\/maternelle-gs-progressions-programmations-emploi-du-temps-cahier-journal\\\/#respond\"]}]},{\"@type\":\"WebPage\",\"@id\":\"https:\\\/\\\/www.anyssa.org\\\/classedesgnomes\\\/maternelle-gs-progressions-programmations-emploi-du-temps-cahier-journal\\\/\",\"url\":\"https:\\\/\\\/www.anyssa.org\\\/classedesgnomes\\\/maternelle-gs-progressions-programmations-emploi-du-temps-cahier-journal\\\/\",\"name\":\"Maternelle GS - Progressions, programmations, emploi du temps, cahier journal ~ La Classe des gnomes\",\"isPartOf\":{\"@id\":\"https:\\\/\\\/www.anyssa.org\\\/classedesgnomes\\\/#website\"},\"primaryImageOfPage\":{\"@id\":\"https:\\\/\\\/www.anyssa.org\\\/classedesgnomes\\\/maternelle-gs-progressions-programmations-emploi-du-temps-cahier-journal\\\/#primaryimage\"},\"image\":{\"@id\":\"https:\\\/\\\/www.anyssa.org\\\/classedesgnomes\\\/maternelle-gs-progressions-programmations-emploi-du-temps-cahier-journal\\\/#primaryimage\"},\"thumbnailUrl\":\"https:\\\/\\\/i0.wp.com\\\/www.anyssa.org\\\/classedesgnomes\\\/wp-content\\\/uploads\\\/2022\\\/08\\\/prog_article-1.jpg?fit=400%2C300&ssl=1\",\"datePublished\":\"2022-08-23T15:04:49+00:00\",\"dateModified\":\"2022-08-23T15:09:23+00:00\",\"description\":\"Tout pour pr\u00e9parer la rentr\u00e9e 2022 : progressions, programmations, emploi du temps, cahier-journal...\",\"breadcrumb\":{\"@id\":\"https:\\\/\\\/www.anyssa.org\\\/classedesgnomes\\\/maternelle-gs-progressions-programmations-emploi-du-temps-cahier-journal\\\/#breadcrumb\"},\"inLanguage\":\"fr-FR\",\"potentialAction\":[{\"@type\":\"ReadAction\",\"target\":[\"https:\\\/\\\/www.anyssa.org\\\/classedesgnomes\\\/maternelle-gs-progressions-programmations-emploi-du-temps-cahier-journal\\\/\"]}]},{\"@type\":\"ImageObject\",\"inLanguage\":\"fr-FR\",\"@id\":\"https:\\\/\\\/www.anyssa.org\\\/classedesgnomes\\\/maternelle-gs-progressions-programmations-emploi-du-temps-cahier-journal\\\/#primaryimage\",\"url\":\"https:\\\/\\\/i0.wp.com\\\/www.anyssa.org\\\/classedesgnomes\\\/wp-content\\\/uploads\\\/2022\\\/08\\\/prog_article-1.jpg?fit=400%2C300&ssl=1\",\"contentUrl\":\"https:\\\/\\\/i0.wp.com\\\/www.anyssa.org\\\/classedesgnomes\\\/wp-content\\\/uploads\\\/2022\\\/08\\\/prog_article-1.jpg?fit=400%2C300&ssl=1\",\"width\":400,\"height\":300},{\"@type\":\"BreadcrumbList\",\"@id\":\"https:\\\/\\\/www.anyssa.org\\\/classedesgnomes\\\/maternelle-gs-progressions-programmations-emploi-du-temps-cahier-journal\\\/#breadcrumb\",\"itemListElement\":[{\"@type\":\"ListItem\",\"position\":1,\"name\":\"Accueil\",\"item\":\"https:\\\/\\\/www.anyssa.org\\\/classedesgnomes\\\/\"},{\"@type\":\"ListItem\",\"position\":2,\"name\":\"Maternelle GS &#8211; Progressions, programmations, emploi du temps, cahier journal\"}]},{\"@type\":\"WebSite\",\"@id\":\"https:\\\/\\\/www.anyssa.org\\\/classedesgnomes\\\/#website\",\"url\":\"https:\\\/\\\/www.anyssa.org\\\/classedesgnomes\\\/\",\"name\":\"La Classe des gnomes\",\"description\":\"Des ressources pour la maternelle et l&#039;\u00e9l\u00e9mentaire\",\"publisher\":{\"@id\":\"https:\\\/\\\/www.anyssa.org\\\/classedesgnomes\\\/#\\\/schema\\\/person\\\/239c912ae4cbab448627207cdde96371\"},\"potentialAction\":[{\"@type\":\"SearchAction\",\"target\":{\"@type\":\"EntryPoint\",\"urlTemplate\":\"https:\\\/\\\/www.anyssa.org\\\/classedesgnomes\\\/?s={search_term_string}\"},\"query-input\":{\"@type\":\"PropertyValueSpecification\",\"valueRequired\":true,\"valueName\":\"search_term_string\"}}],\"inLanguage\":\"fr-FR\"},{\"@type\":[\"Person\",\"Organization\"],\"@id\":\"https:\\\/\\\/www.anyssa.org\\\/classedesgnomes\\\/#\\\/schema\\\/person\\\/239c912ae4cbab448627207cdde96371\",\"name\":\"Anyssa\",\"image\":{\"@type\":\"ImageObject\",\"inLanguage\":\"fr-FR\",\"@id\":\"https:\\\/\\\/i0.wp.com\\\/www.anyssa.org\\\/classedesgnomes\\\/wp-content\\\/uploads\\\/2018\\\/09\\\/cropped-lutine_1_C02.jpg?fit=512%2C512&ssl=1\",\"url\":\"https:\\\/\\\/i0.wp.com\\\/www.anyssa.org\\\/classedesgnomes\\\/wp-content\\\/uploads\\\/2018\\\/09\\\/cropped-lutine_1_C02.jpg?fit=512%2C512&ssl=1\",\"contentUrl\":\"https:\\\/\\\/i0.wp.com\\\/www.anyssa.org\\\/classedesgnomes\\\/wp-content\\\/uploads\\\/2018\\\/09\\\/cropped-lutine_1_C02.jpg?fit=512%2C512&ssl=1\",\"width\":512,\"height\":512,\"caption\":\"Anyssa\"},\"logo\":{\"@id\":\"https:\\\/\\\/i0.wp.com\\\/www.anyssa.org\\\/classedesgnomes\\\/wp-content\\\/uploads\\\/2018\\\/09\\\/cropped-lutine_1_C02.jpg?fit=512%2C512&ssl=1\"},\"sameAs\":[\"http:\\\/\\\/www.anyssa.org\\\/classedesgnomes\\\/\"]}]}<\/script>\n<!-- \/ Yoast SEO plugin. -->","yoast_head_json":{"title":"Maternelle GS - Progressions, programmations, emploi du temps, cahier journal ~ La Classe des gnomes","description":"Tout pour pr\u00e9parer la rentr\u00e9e 2022 : progressions, programmations, emploi du temps, cahier-journal...","robots":{"index":"index","follow":"follow","max-snippet":"max-snippet:-1","max-image-preview":"max-image-preview:large","max-video-preview":"max-video-preview:-1"},"canonical":"https:\/\/www.anyssa.org\/classedesgnomes\/maternelle-gs-progressions-programmations-emploi-du-temps-cahier-journal\/","og_locale":"fr_FR","og_type":"article","og_title":"Maternelle GS - Progressions, programmations, emploi du temps, cahier journal ~ La Classe des gnomes","og_description":"Tout pour pr\u00e9parer la rentr\u00e9e 2022 : progressions, programmations, emploi du temps, cahier-journal...","og_url":"https:\/\/www.anyssa.org\/classedesgnomes\/maternelle-gs-progressions-programmations-emploi-du-temps-cahier-journal\/","og_site_name":"La Classe des gnomes","article_published_time":"2022-08-23T15:04:49+00:00","article_modified_time":"2022-08-23T15:09:23+00:00","og_image":[{"width":400,"height":300,"url":"https:\/\/www.anyssa.org\/classedesgnomes\/wp-content\/uploads\/2022\/08\/prog_article-1.jpg","type":"image\/jpeg"}],"author":"Anyssa","twitter_card":"summary_large_image","twitter_image":"https:\/\/i0.wp.com\/www.anyssa.org\/classedesgnomes\/wp-content\/uploads\/2022\/08\/prog_article-1.jpg?fit=400%2C300&ssl=1","twitter_creator":"@Anyssa_SE","twitter_site":"@Anyssa_SE","twitter_misc":{"\u00c9crit par":"Anyssa","Dur\u00e9e de lecture estim\u00e9e":"5 minutes"},"schema":{"@context":"https:\/\/schema.org","@graph":[{"@type":"Article","@id":"https:\/\/www.anyssa.org\/classedesgnomes\/maternelle-gs-progressions-programmations-emploi-du-temps-cahier-journal\/#article","isPartOf":{"@id":"https:\/\/www.anyssa.org\/classedesgnomes\/maternelle-gs-progressions-programmations-emploi-du-temps-cahier-journal\/"},"author":{"name":"Anyssa","@id":"https:\/\/www.anyssa.org\/classedesgnomes\/#\/schema\/person\/239c912ae4cbab448627207cdde96371"},"headline":"Maternelle GS &#8211; Progressions, programmations, emploi du temps, cahier journal","datePublished":"2022-08-23T15:04:49+00:00","dateModified":"2022-08-23T15:09:23+00:00","mainEntityOfPage":{"@id":"https:\/\/www.anyssa.org\/classedesgnomes\/maternelle-gs-progressions-programmations-emploi-du-temps-cahier-journal\/"},"wordCount":360,"commentCount":9,"publisher":{"@id":"https:\/\/www.anyssa.org\/classedesgnomes\/#\/schema\/person\/239c912ae4cbab448627207cdde96371"},"image":{"@id":"https:\/\/www.anyssa.org\/classedesgnomes\/maternelle-gs-progressions-programmations-emploi-du-temps-cahier-journal\/#primaryimage"},"thumbnailUrl":"https:\/\/i0.wp.com\/www.anyssa.org\/classedesgnomes\/wp-content\/uploads\/2022\/08\/prog_article-1.jpg?fit=400%2C300&ssl=1","keywords":["Cahier-journal","Programmations","Progressions","Rentr\u00e9e"],"articleSection":["Maternelle","Outils et organisation en maternelle"],"inLanguage":"fr-FR","potentialAction":[{"@type":"CommentAction","name":"Comment","target":["https:\/\/www.anyssa.org\/classedesgnomes\/maternelle-gs-progressions-programmations-emploi-du-temps-cahier-journal\/#respond"]}]},{"@type":"WebPage","@id":"https:\/\/www.anyssa.org\/classedesgnomes\/maternelle-gs-progressions-programmations-emploi-du-temps-cahier-journal\/","url":"https:\/\/www.anyssa.org\/classedesgnomes\/maternelle-gs-progressions-programmations-emploi-du-temps-cahier-journal\/","name":"Maternelle GS - Progressions, programmations, emploi du temps, cahier journal ~ La Classe des gnomes","isPartOf":{"@id":"https:\/\/www.anyssa.org\/classedesgnomes\/#website"},"primaryImageOfPage":{"@id":"https:\/\/www.anyssa.org\/classedesgnomes\/maternelle-gs-progressions-programmations-emploi-du-temps-cahier-journal\/#primaryimage"},"image":{"@id":"https:\/\/www.anyssa.org\/classedesgnomes\/maternelle-gs-progressions-programmations-emploi-du-temps-cahier-journal\/#primaryimage"},"thumbnailUrl":"https:\/\/i0.wp.com\/www.anyssa.org\/classedesgnomes\/wp-content\/uploads\/2022\/08\/prog_article-1.jpg?fit=400%2C300&ssl=1","datePublished":"2022-08-23T15:04:49+00:00","dateModified":"2022-08-23T15:09:23+00:00","description":"Tout pour pr\u00e9parer la rentr\u00e9e 2022 : progressions, programmations, emploi du temps, cahier-journal...","breadcrumb":{"@id":"https:\/\/www.anyssa.org\/classedesgnomes\/maternelle-gs-progressions-programmations-emploi-du-temps-cahier-journal\/#breadcrumb"},"inLanguage":"fr-FR","potentialAction":[{"@type":"ReadAction","target":["https:\/\/www.anyssa.org\/classedesgnomes\/maternelle-gs-progressions-programmations-emploi-du-temps-cahier-journal\/"]}]},{"@type":"ImageObject","inLanguage":"fr-FR","@id":"https:\/\/www.anyssa.org\/classedesgnomes\/maternelle-gs-progressions-programmations-emploi-du-temps-cahier-journal\/#primaryimage","url":"https:\/\/i0.wp.com\/www.anyssa.org\/classedesgnomes\/wp-content\/uploads\/2022\/08\/prog_article-1.jpg?fit=400%2C300&ssl=1","contentUrl":"https:\/\/i0.wp.com\/www.anyssa.org\/classedesgnomes\/wp-content\/uploads\/2022\/08\/prog_article-1.jpg?fit=400%2C300&ssl=1","width":400,"height":300},{"@type":"BreadcrumbList","@id":"https:\/\/www.anyssa.org\/classedesgnomes\/maternelle-gs-progressions-programmations-emploi-du-temps-cahier-journal\/#breadcrumb","itemListElement":[{"@type":"ListItem","position":1,"name":"Accueil","item":"https:\/\/www.anyssa.org\/classedesgnomes\/"},{"@type":"ListItem","position":2,"name":"Maternelle GS &#8211; Progressions, programmations, emploi du temps, cahier journal"}]},{"@type":"WebSite","@id":"https:\/\/www.anyssa.org\/classedesgnomes\/#website","url":"https:\/\/www.anyssa.org\/classedesgnomes\/","name":"La Classe des gnomes","description":"Des ressources pour la maternelle et l&#039;\u00e9l\u00e9mentaire","publisher":{"@id":"https:\/\/www.anyssa.org\/classedesgnomes\/#\/schema\/person\/239c912ae4cbab448627207cdde96371"},"potentialAction":[{"@type":"SearchAction","target":{"@type":"EntryPoint","urlTemplate":"https:\/\/www.anyssa.org\/classedesgnomes\/?s={search_term_string}"},"query-input":{"@type":"PropertyValueSpecification","valueRequired":true,"valueName":"search_term_string"}}],"inLanguage":"fr-FR"},{"@type":["Person","Organization"],"@id":"https:\/\/www.anyssa.org\/classedesgnomes\/#\/schema\/person\/239c912ae4cbab448627207cdde96371","name":"Anyssa","image":{"@type":"ImageObject","inLanguage":"fr-FR","@id":"https:\/\/i0.wp.com\/www.anyssa.org\/classedesgnomes\/wp-content\/uploads\/2018\/09\/cropped-lutine_1_C02.jpg?fit=512%2C512&ssl=1","url":"https:\/\/i0.wp.com\/www.anyssa.org\/classedesgnomes\/wp-content\/uploads\/2018\/09\/cropped-lutine_1_C02.jpg?fit=512%2C512&ssl=1","contentUrl":"https:\/\/i0.wp.com\/www.anyssa.org\/classedesgnomes\/wp-content\/uploads\/2018\/09\/cropped-lutine_1_C02.jpg?fit=512%2C512&ssl=1","width":512,"height":512,"caption":"Anyssa"},"logo":{"@id":"https:\/\/i0.wp.com\/www.anyssa.org\/classedesgnomes\/wp-content\/uploads\/2018\/09\/cropped-lutine_1_C02.jpg?fit=512%2C512&ssl=1"},"sameAs":["http:\/\/www.anyssa.org\/classedesgnomes\/"]}]}},"jetpack_featured_media_url":"https:\/\/i0.wp.com\/www.anyssa.org\/classedesgnomes\/wp-content\/uploads\/2022\/08\/prog_article-1.jpg?fit=400%2C300&ssl=1","jetpack_likes_enabled":true,"jetpack-related-posts":[{"id":2517,"url":"https:\/\/www.anyssa.org\/classedesgnomes\/les-outils-de-planification-des-apprentissages\/","url_meta":{"origin":14338,"position":0},"title":"Les outils de planification des apprentissages","author":"Anyssa","date":"13 ao\u00fbt 2012","format":false,"excerpt":"Du cycle \u00e0 la journ\u00e9e, j'ai \u00e9labor\u00e9 5 outils pour organiser les diff\u00e9rentes progressions : les progressions par cycle : dans mon \u00e9cole, nous avons \u00e9tabli les progressions du cycle 3 dans les mati\u00e8res de d\u00e9couverte du monde, les progressions annuelles par mati\u00e8res. Elles ont \u00e9t\u00e9 \u00e9labor\u00e9es par mon coll\u00e8gue-bin\u00f4me\u2026","rel":"","context":"Dans &quot;Les PROG&quot;","block_context":{"text":"Les PROG","link":"https:\/\/www.anyssa.org\/classedesgnomes\/outils\/pour-le-maitre\/les-prog\/"},"img":{"alt_text":"La montre de PoZie","src":"\/classedesgnomes\/wp-content\/uploads\/documents\/lutins\/pozie-montreC2.gif","width":350,"height":200},"classes":[]},{"id":2824,"url":"https:\/\/www.anyssa.org\/classedesgnomes\/le-rallye-liens-sur-le-cahier-journal\/","url_meta":{"origin":14338,"position":1},"title":"Le cahier journal (rallye-liens)","author":"Anyssa","date":"1 septembre 2012","format":false,"excerpt":"Libellule organise un rallye-liens sur le cahier journal. C'est l'occasion de vous pr\u00e9senter le mien. Pour ma part, j'utilise un tableau A4, orientation paysage, pour les quatre jours de la semaine.","rel":"","context":"Dans &quot;Organisation&quot;","block_context":{"text":"Organisation","link":"https:\/\/www.anyssa.org\/classedesgnomes\/outils\/pour-le-maitre\/organisation-pour-le-maitre\/"},"img":{"alt_text":"Les cahiers des PoZ","src":"https:\/\/i0.wp.com\/www.anyssa.org\/classedesgnomes\/wp-content\/uploads\/2012\/05\/poz-cahiers200.png?resize=350%2C200","width":350,"height":200},"classes":[]},{"id":15290,"url":"https:\/\/www.anyssa.org\/classedesgnomes\/maternelle-les-programmations-periodiques-pour-toute-une-annee-en-gs\/","url_meta":{"origin":14338,"position":2},"title":"Maternelle &#8211; Les programmations p\u00e9riodiques pour toute une ann\u00e9e en GS","author":"Anyssa","date":"25 avril 2024","format":false,"excerpt":"Mes programmations p\u00e9riodiques pour toute une ann\u00e9e de GS, r\u00e9capitul\u00e9es dans un tableau synth\u00e8se.","rel":"","context":"Dans &quot;Maternelle&quot;","block_context":{"text":"Maternelle","link":"https:\/\/www.anyssa.org\/classedesgnomes\/maternelle\/"},"img":{"alt_text":"","src":"https:\/\/i0.wp.com\/www.anyssa.org\/classedesgnomes\/wp-content\/uploads\/2024\/04\/programmations-GS_site.jpg?fit=400%2C300&ssl=1&resize=350%2C200","width":350,"height":200},"classes":[]},{"id":10767,"url":"https:\/\/www.anyssa.org\/classedesgnomes\/deux-jours-en-grande-section-periode-3-semaine-2\/","url_meta":{"origin":14338,"position":3},"title":"Deux jours en Grande Section &#8211; p\u00e9riode 3 semaine 2","author":"Anyssa","date":"15 janvier 2017","format":false,"excerpt":"Deux jours en Grande Section. Avec le cahier journal, le tableau des ateliers et les documents pour mener les activit\u00e9s.","rel":"","context":"Dans &quot;Maternelle&quot;","block_context":{"text":"Maternelle","link":"https:\/\/www.anyssa.org\/classedesgnomes\/maternelle\/"},"img":{"alt_text":"PoZ et ses cubes en bois","src":"https:\/\/i0.wp.com\/www.anyssa.org\/classedesgnomes\/wp-content\/uploads\/2015\/11\/poz-cubes-en-bois-200w.png?resize=350%2C200","width":350,"height":200},"classes":[]},{"id":14015,"url":"https:\/\/www.anyssa.org\/classedesgnomes\/maternelle-gs-cahier-journal-rentree\/","url_meta":{"origin":14338,"position":4},"title":"Maternelle GS &#8211; Mon cahier journal de la rentr\u00e9e","author":"Anyssa","date":"26 ao\u00fbt 2024","format":false,"excerpt":"Le cahier journal de la semaine de rentr\u00e9e 2024 en GS, avec les ressources pour mener les activit\u00e9s pr\u00e9vues.","rel":"","context":"Dans &quot;Maternelle&quot;","block_context":{"text":"Maternelle","link":"https:\/\/www.anyssa.org\/classedesgnomes\/maternelle\/"},"img":{"alt_text":"Le cahier-journal de la rentr\u00e9e 2023","src":"https:\/\/i0.wp.com\/www.anyssa.org\/classedesgnomes\/wp-content\/uploads\/2023\/08\/cj-2324-semaine1_min.jpg?fit=400%2C300&ssl=1&resize=350%2C200","width":350,"height":200},"classes":[]},{"id":11009,"url":"https:\/\/www.anyssa.org\/classedesgnomes\/semaine-maternelle-periode-3-semaine-6\/","url_meta":{"origin":14338,"position":5},"title":"Ma semaine en maternelle &#8211; p\u00e9riode 3 semaine 6","author":"Anyssa","date":"5 f\u00e9vrier 2017","format":false,"excerpt":"Mon cahier-journal de la semaine 6. Poursuite des projets en cours sur l'alimentation avec Pop et le data-art, et mes ressources en maths et phonologie.","rel":"","context":"Dans &quot;Maternelle&quot;","block_context":{"text":"Maternelle","link":"https:\/\/www.anyssa.org\/classedesgnomes\/maternelle\/"},"img":{"alt_text":"PoZ joue aux cartes","src":"https:\/\/i0.wp.com\/www.anyssa.org\/classedesgnomes\/wp-content\/uploads\/2017\/02\/poz-jeu-de-cartes-02-400w.png?fit=400%2C220&ssl=1&resize=350%2C200","width":350,"height":200},"classes":[]}],"jetpack_sharing_enabled":true,"_links":{"self":[{"href":"https:\/\/www.anyssa.org\/classedesgnomes\/wp-json\/wp\/v2\/posts\/14338","targetHints":{"allow":["GET"]}}],"collection":[{"href":"https:\/\/www.anyssa.org\/classedesgnomes\/wp-json\/wp\/v2\/posts"}],"about":[{"href":"https:\/\/www.anyssa.org\/classedesgnomes\/wp-json\/wp\/v2\/types\/post"}],"author":[{"embeddable":true,"href":"https:\/\/www.anyssa.org\/classedesgnomes\/wp-json\/wp\/v2\/users\/2"}],"replies":[{"embeddable":true,"href":"https:\/\/www.anyssa.org\/classedesgnomes\/wp-json\/wp\/v2\/comments?post=14338"}],"version-history":[{"count":0,"href":"https:\/\/www.anyssa.org\/classedesgnomes\/wp-json\/wp\/v2\/posts\/14338\/revisions"}],"wp:featuredmedia":[{"embeddable":true,"href":"https:\/\/www.anyssa.org\/classedesgnomes\/wp-json\/wp\/v2\/media\/14342"}],"wp:attachment":[{"href":"https:\/\/www.anyssa.org\/classedesgnomes\/wp-json\/wp\/v2\/media?parent=14338"}],"wp:term":[{"taxonomy":"category","embeddable":true,"href":"https:\/\/www.anyssa.org\/classedesgnomes\/wp-json\/wp\/v2\/categories?post=14338"},{"taxonomy":"post_tag","embeddable":true,"href":"https:\/\/www.anyssa.org\/classedesgnomes\/wp-json\/wp\/v2\/tags?post=14338"}],"curies":[{"name":"wp","href":"https:\/\/api.w.org\/{rel}","templated":true}]}}