{"id":11779,"date":"2018-09-04T15:00:51","date_gmt":"2018-09-04T13:00:51","guid":{"rendered":"https:\/\/www.anyssa.org\/classedesgnomes\/?p=11779"},"modified":"2019-09-28T22:55:38","modified_gmt":"2019-09-28T20:55:38","slug":"maternelle-des-poemes-pour-toute-lannee","status":"publish","type":"post","link":"https:\/\/www.anyssa.org\/classedesgnomes\/maternelle-des-poemes-pour-toute-lannee\/","title":{"rendered":"Maternelle &#8211; Des po\u00e8mes pour toute l&rsquo;ann\u00e9e"},"content":{"rendered":"<h2>De la po\u00e9sie en maternelle<\/h2>\n<p>En maternelle, on propose r\u00e9guli\u00e8rement des comptines que les \u00e9l\u00e8ves m\u00e9morisent gr\u00e2ce \u00e0 leur structure simple, souvent r\u00e9p\u00e9titive, mais aussi gr\u00e2ce au th\u00e8me musical qui les accompagne. M\u00e9moriser des po\u00e8mes est plus complexe, en l&rsquo;absence justement de musique, et pour cette raison l&rsquo;apprentissage de po\u00e8me est souvent repouss\u00e9 \u00e0 l&rsquo;ann\u00e9e de CP.<\/p>\n<p>J&rsquo;ai n\u00e9anmoins d\u00e9cid\u00e9 de tenter l&rsquo;aventure de la po\u00e9sie en maternelle avec mes \u00e9l\u00e8ves de Moyenne Section, en leur pr\u00e9sentant toutes les deux semaines un nouveau po\u00e8me \u00e0 m\u00e9moriser, en lien avec la p\u00e9riode de l&rsquo;ann\u00e9e et les projets du moment de la classe.<\/p>\n<p>Pour aider \u00e0 la m\u00e9morisation des textes, j&rsquo;ai cr\u00e9\u00e9 des \u00e9tiquettes-images que je faisais d\u00e9filer au fil de la r\u00e9citation. La premi\u00e8re semaine \u00e9tait consacr\u00e9e \u00e0 la m\u00e9morisation collective des textes, strophe apr\u00e8s strophe. La seconde semaine, les \u00e9l\u00e8ves \u00e9taient en mesure de r\u00e9citer seul, bien qu&rsquo;aid\u00e9s par la visualisation des \u00e9tiquettes images.<\/p>\n<h3>Pour chaque po\u00e8me, les ressources \u00e0 t\u00e9l\u00e9charger sont les suivantes :<\/h3>\n<ul>\n<li>le texte \u00e0 plastifier et \u00e0 aimanter, pour l&rsquo;affichage au coin regroupement<\/li>\n<li>les \u00e9tiquettes-images<\/li>\n<li>le texte individuel \u00e0 coller dans le cahier de comptines et de po\u00e9sies<\/li>\n<\/ul>\n<h3>Voici tous les po\u00e8mes que j&rsquo;ai propos\u00e9s en 2017-2018 :<\/h3>\n<h4>Mon petit ours<\/h4>\n<p style=\"padding-left: 30px\"><a><img decoding=\"async\" class=\"telechargement alignnone\" title=\"Po\u00e8me Mon petit ours\" src=\"\/classedesgnomes\/wp-content\/uploads\/documents\/maternelle\/poesie\/poeme_mon-petit-ours_portrait.jpg\" alt=\"Po\u00e8me Mon petit ours\" width=\"250\" height=\"118\"><\/a><a href=\"\/classedesgnomes\/wp-content\/uploads\/documents\/maternelle\/poesie\/poeme_mon-petit-ours_portrait.pdf\"><img data-recalc-dims=\"1\" decoding=\"async\" class=\"illustration alignnone\" title=\"Po\u00e8me Mon petit ours\" src=\"https:\/\/i0.wp.com\/www.anyssa.org\/classedesgnomes\/wp-content\/uploads\/2014\/08\/pdf.png?resize=40%2C46\" alt=\"Po\u00e8me Mon petit ours\" width=\"40\" height=\"46\"><\/a> <a href=\"\/classedesgnomes\/wp-content\/uploads\/documents\/maternelle\/poesie\/poeme_mon-petit-ours_portrait.pub\"><img data-recalc-dims=\"1\" decoding=\"async\" class=\"illustration alignnone\" title=\"Po\u00e8me Mon petit ours\" src=\"https:\/\/i0.wp.com\/www.anyssa.org\/classedesgnomes\/wp-content\/uploads\/2012\/05\/publisher48.png?resize=40%2C40\" alt=\"Po\u00e8me Mon petit ours\" width=\"40\" height=\"40\"><\/a><\/p>\n<h4>Hop ! Me voil\u00e0 !<\/h4>\n<p style=\"padding-left: 30px\"><a><img decoding=\"async\" class=\"telechargement alignnone\" title=\"Po\u00e8me Hop me voil\u00e0\" src=\"\/classedesgnomes\/wp-content\/uploads\/documents\/maternelle\/poesie\/hop-me-voila_comptine-illustree.jpg\" alt=\"Po\u00e8me Hop me voil\u00e0 !\" width=\"250\" height=\"150\"><\/a><a href=\"\/classedesgnomes\/wp-content\/uploads\/documents\/maternelle\/poesie\/hop-me-voila_comptine-illustree.pdf\"><img data-recalc-dims=\"1\" decoding=\"async\" class=\"illustration alignnone\" title=\"Po\u00e8me Hop Me voil\u00e0\" src=\"https:\/\/i0.wp.com\/www.anyssa.org\/classedesgnomes\/wp-content\/uploads\/2014\/08\/pdf.png?resize=40%2C46\" alt=\"Po\u00e8me Hop Me voil\u00e0\" width=\"40\" height=\"46\"><\/a> <a href=\"\/classedesgnomes\/wp-content\/uploads\/documents\/maternelle\/poesie\/hop-me-voila_comptine-illustree.pub\"><img data-recalc-dims=\"1\" decoding=\"async\" class=\"illustration alignnone\" title=\"Po\u00e8me Hop Me voil\u00e0\" src=\"https:\/\/i0.wp.com\/www.anyssa.org\/classedesgnomes\/wp-content\/uploads\/2012\/05\/publisher48.png?resize=40%2C40\" alt=\"Po\u00e8me Hop Me voil\u00e0\" width=\"40\" height=\"40\"><\/a><\/p>\n<h4>Les 5 doigts de la main<\/h4>\n<p style=\"padding-left: 30px\"><a><img decoding=\"async\" class=\"telechargement alignnone\" title=\"Po\u00e8me Les 5 doigts de la main\" src=\"\/classedesgnomes\/wp-content\/uploads\/documents\/maternelle\/poesie\/les-5-doigts-de-la-main_poeme.jpg\" alt=\"Po\u00e8me Les 5 doigts de la main\" width=\"179\" height=\"250\"><\/a><a href=\"\/classedesgnomes\/wp-content\/uploads\/documents\/maternelle\/poesie\/les-5-doigts-de-la-main_poeme.pdf\"><img data-recalc-dims=\"1\" decoding=\"async\" class=\"illustration alignnone\" title=\"Po\u00e8me Les 5 doigts de la main\" src=\"https:\/\/i0.wp.com\/www.anyssa.org\/classedesgnomes\/wp-content\/uploads\/2014\/08\/pdf.png?resize=40%2C46\" alt=\"Po\u00e8me Les 5 doigts de la main\" width=\"40\" height=\"46\"><\/a> <a href=\"\/classedesgnomes\/wp-content\/uploads\/documents\/maternelle\/poesie\/les-5-doigts-de-la-main_poeme.pub\"><img data-recalc-dims=\"1\" decoding=\"async\" class=\"illustration alignnone\" title=\"Po\u00e8me Les 5 doigts de la main\" src=\"https:\/\/i0.wp.com\/www.anyssa.org\/classedesgnomes\/wp-content\/uploads\/2012\/05\/publisher48.png?resize=40%2C40\" alt=\"Po\u00e8me Les 5 doigts de la main\" width=\"40\" height=\"40\"><\/a><\/p>\n<h4>Deux petits bonhommes<\/h4>\n<p style=\"padding-left: 30px\"><a><img decoding=\"async\" class=\"telechargement alignnone\" title=\"Po\u00e8me Deux petits bonhommes\" src=\"\/classedesgnomes\/wp-content\/uploads\/documents\/maternelle\/poesie\/deux-petits-bonshommes_portrait.jpg\" alt=\"Po\u00e8me Deux petits bonhommes\" width=\"250\" height=\"86\"><\/a><a href=\"\/classedesgnomes\/wp-content\/uploads\/documents\/maternelle\/poesie\/deux-petits-bonshommes_portrait.pdf\"><img data-recalc-dims=\"1\" decoding=\"async\" class=\"illustration alignnone\" title=\"Po\u00e8me Deux petits bonhommes\" src=\"https:\/\/i0.wp.com\/www.anyssa.org\/classedesgnomes\/wp-content\/uploads\/2014\/08\/pdf.png?resize=40%2C46\" alt=\"Po\u00e8me Deux petits bonhommes\" width=\"40\" height=\"46\"><\/a> <a href=\"\/classedesgnomes\/wp-content\/uploads\/documents\/maternelle\/poesie\/deux-petits-bonshommes_portrait.pub\"><img data-recalc-dims=\"1\" decoding=\"async\" class=\"illustration alignnone\" title=\"Po\u00e8me Deux petits bonhommes\" src=\"https:\/\/i0.wp.com\/www.anyssa.org\/classedesgnomes\/wp-content\/uploads\/2012\/05\/publisher48.png?resize=40%2C40\" alt=\"Po\u00e8me Deux petits bonhommes\" width=\"40\" height=\"40\"><\/a><\/p>\n<h4>Voici venir d\u00e9cembre<\/h4>\n<p style=\"padding-left: 30px\"><a><img decoding=\"async\" class=\"telechargement alignnone\" title=\"Po\u00e8me oici venir d\u00e9cembre\" src=\"\/classedesgnomes\/wp-content\/uploads\/documents\/maternelle\/poesie\/poeme_decembre_portrait.jpg\" alt=\"Po\u00e8me Voici venir d\u00e9cembre\" width=\"250\" height=\"102\"><\/a><a href=\"\/classedesgnomes\/wp-content\/uploads\/documents\/maternelle\/poesie\/poeme_decembre_portrait.pdf\"><img data-recalc-dims=\"1\" decoding=\"async\" class=\"illustration alignnone\" title=\"Po\u00e8me Voici venir d\u00e9cembre\" src=\"https:\/\/i0.wp.com\/www.anyssa.org\/classedesgnomes\/wp-content\/uploads\/2014\/08\/pdf.png?resize=40%2C46\" alt=\"Po\u00e8me Voici venir d\u00e9cembre\" width=\"40\" height=\"46\"><\/a> <a href=\"\/classedesgnomes\/wp-content\/uploads\/documents\/maternelle\/poesie\/poeme_decembre_portrait.pub\"><img data-recalc-dims=\"1\" decoding=\"async\" class=\"illustration alignnone\" title=\"Po\u00e8me Voici venir d\u00e9cembre\" src=\"https:\/\/i0.wp.com\/www.anyssa.org\/classedesgnomes\/wp-content\/uploads\/2012\/05\/publisher48.png?resize=40%2C40\" alt=\"Po\u00e8me Voici venir d\u00e9cembre\" width=\"40\" height=\"40\"><\/a><\/p>\n<h4>Janvier est arriv\u00e9<\/h4>\n<p style=\"padding-left: 30px\"><a><img decoding=\"async\" class=\"telechargement alignnone\" title=\"Po\u00e8me Janvier est arriv\u00e9\" src=\"\/classedesgnomes\/wp-content\/uploads\/documents\/maternelle\/poesie\/poeme_janvier_portrait.jpg\" alt=\"Po\u00e8me Janvier est arriv\u00e9\" width=\"250\" height=\"89\"><\/a><a href=\"\/classedesgnomes\/wp-content\/uploads\/documents\/maternelle\/poesie\/poeme_janvier_portrait.pdf\"><img data-recalc-dims=\"1\" decoding=\"async\" class=\"illustration alignnone\" title=\"Po\u00e8me Janvier est arriv\u00e9\" src=\"https:\/\/i0.wp.com\/www.anyssa.org\/classedesgnomes\/wp-content\/uploads\/2014\/08\/pdf.png?resize=40%2C46\" alt=\"Po\u00e8me Janvier est arriv\u00e9\" width=\"40\" height=\"46\"><\/a> <a href=\"\/classedesgnomes\/wp-content\/uploads\/documents\/maternelle\/poesie\/poeme_janvier_portrait.pub\"><img data-recalc-dims=\"1\" decoding=\"async\" class=\"illustration alignnone\" title=\"Po\u00e8me Janvier est arriv\u00e9\" src=\"https:\/\/i0.wp.com\/www.anyssa.org\/classedesgnomes\/wp-content\/uploads\/2012\/05\/publisher48.png?resize=40%2C40\" alt=\"Po\u00e8me Janvier est arriv\u00e9\" width=\"40\" height=\"40\"><\/a><\/p>\n<h4>Le bonhomme de neige<\/h4>\n<p style=\"padding-left: 30px\"><a><img decoding=\"async\" class=\"telechargement alignnone\" title=\"Po\u00e8me Le bonhomme de neige\" src=\"\/classedesgnomes\/wp-content\/uploads\/documents\/maternelle\/poesie\/poeme_bonhomme-de-neige_portrait.jpg\" alt=\"Po\u00e8me Le bonhomme de neige\" width=\"250\" height=\"133\"><\/a><a href=\"\/classedesgnomes\/wp-content\/uploads\/documents\/maternelle\/poesie\/poeme_bonhomme-de-neige_portrait.pdf\"><img data-recalc-dims=\"1\" decoding=\"async\" class=\"illustration alignnone\" title=\"Po\u00e8me Le bonhomme de neige\" src=\"https:\/\/i0.wp.com\/www.anyssa.org\/classedesgnomes\/wp-content\/uploads\/2014\/08\/pdf.png?resize=40%2C46\" alt=\"Po\u00e8me Le bonhomme de neige\" width=\"40\" height=\"46\"><\/a> <a href=\"\/classedesgnomes\/wp-content\/uploads\/documents\/maternelle\/poesie\/poeme_bonhomme-de-neige_portrait.pub\"><img data-recalc-dims=\"1\" decoding=\"async\" class=\"illustration alignnone\" title=\"Po\u00e8me Le bonhomme de neige\" src=\"https:\/\/i0.wp.com\/www.anyssa.org\/classedesgnomes\/wp-content\/uploads\/2012\/05\/publisher48.png?resize=40%2C40\" alt=\"Po\u00e8me Le bonhomme de neige\" width=\"40\" height=\"40\"><\/a><\/p>\n<h4>Un \u00e9l\u00e9phant blanc<\/h4>\n<p style=\"padding-left: 30px\"><a><img decoding=\"async\" class=\"telechargement alignnone\" title=\"Po\u00e8me Un \u00e9l\u00e9phant blanc\" src=\"\/classedesgnomes\/wp-content\/uploads\/documents\/maternelle\/poesie\/un-elephant-blanc_paroles-paysage.jpg\" alt=\"Po\u00e8me Un \u00e9l\u00e9phant blanc\" width=\"250\" height=\"241\"><\/a><a href=\"\/classedesgnomes\/wp-content\/uploads\/documents\/maternelle\/poesie\/un-elephant-blanc_paroles-paysage.pdf\"><img data-recalc-dims=\"1\" decoding=\"async\" class=\"illustration alignnone\" title=\"Po\u00e8me Un \u00e9l\u00e9phant blanc\" src=\"https:\/\/i0.wp.com\/www.anyssa.org\/classedesgnomes\/wp-content\/uploads\/2014\/08\/pdf.png?resize=40%2C46\" alt=\"Po\u00e8me Un \u00e9l\u00e9phant blanc\" width=\"40\" height=\"46\"><\/a> <a href=\"\/classedesgnomes\/wp-content\/uploads\/documents\/maternelle\/poesie\/un-elephant-blanc_paroles-paysage.pub\"><img data-recalc-dims=\"1\" decoding=\"async\" class=\"illustration alignnone\" title=\"Po\u00e8me Un \u00e9l\u00e9phant blanc\" src=\"https:\/\/i0.wp.com\/www.anyssa.org\/classedesgnomes\/wp-content\/uploads\/2012\/05\/publisher48.png?resize=40%2C40\" alt=\"Po\u00e8me Un \u00e9l\u00e9phant blanc\" width=\"40\" height=\"40\"><\/a><\/p>\n<h4>Un dragon chez soi<\/h4>\n<p style=\"padding-left: 30px\"><a><img decoding=\"async\" class=\"telechargement alignnone\" title=\"Po\u00e8me Un dragon chez soi\" src=\"\/classedesgnomes\/wp-content\/uploads\/documents\/maternelle\/poesie\/un-dragon-chez-soi_portrait.jpg\" alt=\"Po\u00e8me Un dragon chez soi\" width=\"250\" height=\"147\"><\/a><a href=\"\/classedesgnomes\/wp-content\/uploads\/documents\/maternelle\/poesie\/un-dragon-chez-soi_portrait.pdf\"><img data-recalc-dims=\"1\" decoding=\"async\" class=\"illustration alignnone\" title=\"Po\u00e8me Un dragon chez soi\" src=\"https:\/\/i0.wp.com\/www.anyssa.org\/classedesgnomes\/wp-content\/uploads\/2014\/08\/pdf.png?resize=40%2C46\" alt=\"Po\u00e8me Un dragon chez soi\" width=\"40\" height=\"46\"><\/a> <a href=\"\/classedesgnomes\/wp-content\/uploads\/documents\/maternelle\/poesie\/un-dragon-chez-soi_portrait.pub\"><img data-recalc-dims=\"1\" decoding=\"async\" class=\"illustration alignnone\" title=\"Po\u00e8me Un dragon chez soi\" src=\"https:\/\/i0.wp.com\/www.anyssa.org\/classedesgnomes\/wp-content\/uploads\/2012\/05\/publisher48.png?resize=40%2C40\" alt=\"Po\u00e8me Un dragon chez soi\" width=\"40\" height=\"40\"><\/a><\/p>\n<h4>La pluie<\/h4>\n<p style=\"padding-left: 30px\"><a><img decoding=\"async\" class=\"telechargement alignnone\" title=\"Po\u00e8me La pluie\" src=\"\/classedesgnomes\/wp-content\/uploads\/documents\/maternelle\/poesie\/poeme_la-pluie_portrait.jpg\" alt=\"Po\u00e8me La pluie\" width=\"250\" height=\"94\"><\/a><a href=\"\/classedesgnomes\/wp-content\/uploads\/documents\/maternelle\/poesie\/poeme_la-pluie_portrait.pdf\"><img data-recalc-dims=\"1\" decoding=\"async\" class=\"illustration alignnone\" title=\"Po\u00e8me La pluie\" src=\"https:\/\/i0.wp.com\/www.anyssa.org\/classedesgnomes\/wp-content\/uploads\/2014\/08\/pdf.png?resize=40%2C46\" alt=\"Po\u00e8me La pluie\" width=\"40\" height=\"46\"><\/a> <a href=\"\/classedesgnomes\/wp-content\/uploads\/documents\/maternelle\/poesie\/poeme_la-pluie_portrait.pub\"><img data-recalc-dims=\"1\" decoding=\"async\" class=\"illustration alignnone\" title=\"Po\u00e8me La pluie\" src=\"https:\/\/i0.wp.com\/www.anyssa.org\/classedesgnomes\/wp-content\/uploads\/2012\/05\/publisher48.png?resize=40%2C40\" alt=\"Po\u00e8me La pluie\" width=\"40\" height=\"40\"><\/a><\/p>\n<h4>Le jardin magique<\/h4>\n<p style=\"padding-left: 30px\"><a><img decoding=\"async\" class=\"telechargement alignnone\" title=\"Po\u00e8me Le jardin magique\" src=\"\/classedesgnomes\/wp-content\/uploads\/documents\/maternelle\/poesie\/le-jardin-magique_portrait.jpg\" alt=\"Po\u00e8me Le jardin magique\" width=\"250\" height=\"120\"><\/a><a href=\"\/classedesgnomes\/wp-content\/uploads\/documents\/maternelle\/poesie\/le-jardin-magique_portrait.pdf\"><img data-recalc-dims=\"1\" decoding=\"async\" class=\"illustration alignnone\" title=\"Po\u00e8me Le jardin magique\" src=\"https:\/\/i0.wp.com\/www.anyssa.org\/classedesgnomes\/wp-content\/uploads\/2014\/08\/pdf.png?resize=40%2C46\" alt=\"Po\u00e8me Le jardin magique\" width=\"40\" height=\"46\"><\/a> <a href=\"\/classedesgnomes\/wp-content\/uploads\/documents\/maternelle\/poesie\/le-jardin-magique_portrait.pub\"><img data-recalc-dims=\"1\" decoding=\"async\" class=\"illustration alignnone\" title=\"Po\u00e8me Le jardin magique\" src=\"https:\/\/i0.wp.com\/www.anyssa.org\/classedesgnomes\/wp-content\/uploads\/2012\/05\/publisher48.png?resize=40%2C40\" alt=\"Po\u00e8me Le jardin magique\" width=\"40\" height=\"40\"><\/a><\/p>\n<h4>C&rsquo;est bient\u00f4t l&rsquo;\u00e9t\u00e9<\/h4>\n<p style=\"padding-left: 30px\"><a><img decoding=\"async\" class=\"telechargement alignnone\" title=\"Po\u00e8me C'est bient\u00f4t l'\u00e9t\u00e9\" src=\"\/classedesgnomes\/wp-content\/uploads\/documents\/maternelle\/poesie\/cest-bientot-lete_poeme_portrait.jpg\" alt=\"Po\u00e8me C'est bient\u00f4t l'\u00e9t\u00e9\" width=\"250\" height=\"117\"><\/a><a href=\"\/classedesgnomes\/wp-content\/uploads\/documents\/maternelle\/poesie\/cest-bientot-lete_poeme_portrait.pdf\"><img data-recalc-dims=\"1\" decoding=\"async\" class=\"illustration alignnone\" title=\"Po\u00e8me C'est bient\u00f4t l'\u00e9t\u00e9\" src=\"https:\/\/i0.wp.com\/www.anyssa.org\/classedesgnomes\/wp-content\/uploads\/2014\/08\/pdf.png?resize=40%2C46\" alt=\"Po\u00e8me C'est bient\u00f4t l'\u00e9t\u00e9\" width=\"40\" height=\"46\"><\/a> <a href=\"\/classedesgnomes\/wp-content\/uploads\/documents\/maternelle\/poesie\/cest-bientot-lete_poeme_portrait.pub\"><img data-recalc-dims=\"1\" decoding=\"async\" class=\"illustration alignnone\" title=\"Po\u00e8me C'est bient\u00f4t l'\u00e9t\u00e9\" src=\"https:\/\/i0.wp.com\/www.anyssa.org\/classedesgnomes\/wp-content\/uploads\/2012\/05\/publisher48.png?resize=40%2C40\" alt=\"Po\u00e8me C'est bient\u00f4t l'\u00e9t\u00e9\" width=\"40\" height=\"40\"><\/a><\/p>\n<h2>Retrouvez d&rsquo;autres po\u00e8mes pour des GS-CP dans l&rsquo;article <a href=\"https:\/\/www.anyssa.org\/classedesgnomes\/comptine-illustree-pour-la-rentree\/\">\u00ab\u00a0Des po\u00e9sies illustr\u00e9es\u00a0\u00bb<\/a>.<\/h2>\n","protected":false},"excerpt":{"rendered":"<p>Une ann\u00e9e de po\u00e9sie en maternelle, au fil des p\u00e9riodes et des th\u00e8mes de la classe.<a class=\"more-link\" href=\"https:\/\/www.anyssa.org\/classedesgnomes\/maternelle-des-poemes-pour-toute-lannee\/\">        &#x2192;<\/a><\/p>\n","protected":false},"author":9250,"featured_media":12745,"comment_status":"open","ping_status":"open","sticky":false,"template":"","format":"standard","meta":{"jetpack_post_was_ever_published":false,"_jetpack_newsletter_access":"","_jetpack_dont_email_post_to_subs":false,"_jetpack_newsletter_tier_id":0,"_jetpack_memberships_contains_paywalled_content":false,"_jetpack_memberships_contains_paid_content":false,"footnotes":""},"categories":[31,1099],"tags":[],"class_list":["entry","author-anyssa_admin","has-excerpt","post-11779","post","type-post","status-publish","format-standard","has-post-thumbnail","category-poemes-themes","category-poesie-en-maternelle"],"yoast_head":"<!-- This site is optimized with the Yoast SEO plugin v27.5 - https:\/\/yoast.com\/product\/yoast-seo-wordpress\/ -->\n<title>Maternelle - Des po\u00e8mes pour toute l&#039;ann\u00e9e ~ La Classe des gnomes<\/title>\n<meta name=\"description\" content=\"Une ann\u00e9e de po\u00e9sie en maternelle, au fil des p\u00e9riodes et des th\u00e8mes de la classe.\" \/>\n<meta name=\"robots\" content=\"index, follow, max-snippet:-1, max-image-preview:large, max-video-preview:-1\" \/>\n<link rel=\"canonical\" href=\"https:\/\/www.anyssa.org\/classedesgnomes\/maternelle-des-poemes-pour-toute-lannee\/\" \/>\n<meta property=\"og:locale\" content=\"fr_FR\" \/>\n<meta property=\"og:type\" content=\"article\" \/>\n<meta property=\"og:title\" content=\"Maternelle - Des po\u00e8mes pour toute l&#039;ann\u00e9e ~ La Classe des gnomes\" \/>\n<meta property=\"og:description\" content=\"Une ann\u00e9e de po\u00e9sie en maternelle, au fil des p\u00e9riodes et des th\u00e8mes de la classe.\" \/>\n<meta property=\"og:url\" content=\"https:\/\/www.anyssa.org\/classedesgnomes\/maternelle-des-poemes-pour-toute-lannee\/\" \/>\n<meta property=\"og:site_name\" content=\"La Classe des gnomes\" \/>\n<meta property=\"article:published_time\" content=\"2018-09-04T13:00:51+00:00\" \/>\n<meta property=\"article:modified_time\" content=\"2019-09-28T20:55:38+00:00\" \/>\n<meta property=\"og:image\" content=\"https:\/\/i1.wp.com\/www.anyssa.org\/classedesgnomes\/wp-content\/uploads\/2018\/09\/poz-bateau-livre_400.jpg?fit=400%2C300&ssl=1\" \/>\n\t<meta property=\"og:image:width\" content=\"400\" \/>\n\t<meta property=\"og:image:height\" content=\"300\" \/>\n\t<meta property=\"og:image:type\" content=\"image\/jpeg\" \/>\n<meta name=\"author\" content=\"Anyssa_admin\" \/>\n<meta name=\"twitter:card\" content=\"summary_large_image\" \/>\n<meta name=\"twitter:creator\" content=\"@Anyssa_SE\" \/>\n<meta name=\"twitter:site\" content=\"@Anyssa_SE\" \/>\n<meta name=\"twitter:label1\" content=\"\u00c9crit par\" \/>\n\t<meta name=\"twitter:data1\" content=\"Anyssa_admin\" \/>\n\t<meta name=\"twitter:label2\" content=\"Dur\u00e9e de lecture estim\u00e9e\" \/>\n\t<meta name=\"twitter:data2\" content=\"1 minute\" \/>\n<script type=\"application\/ld+json\" class=\"yoast-schema-graph\">{\"@context\":\"https:\\\/\\\/schema.org\",\"@graph\":[{\"@type\":\"Article\",\"@id\":\"https:\\\/\\\/www.anyssa.org\\\/classedesgnomes\\\/maternelle-des-poemes-pour-toute-lannee\\\/#article\",\"isPartOf\":{\"@id\":\"https:\\\/\\\/www.anyssa.org\\\/classedesgnomes\\\/maternelle-des-poemes-pour-toute-lannee\\\/\"},\"author\":{\"name\":\"Anyssa_admin\",\"@id\":\"https:\\\/\\\/www.anyssa.org\\\/classedesgnomes\\\/#\\\/schema\\\/person\\\/992c1c48c2b9bf9b91edcfd8a3a8781f\"},\"headline\":\"Maternelle &#8211; Des po\u00e8mes pour toute l&rsquo;ann\u00e9e\",\"datePublished\":\"2018-09-04T13:00:51+00:00\",\"dateModified\":\"2019-09-28T20:55:38+00:00\",\"mainEntityOfPage\":{\"@id\":\"https:\\\/\\\/www.anyssa.org\\\/classedesgnomes\\\/maternelle-des-poemes-pour-toute-lannee\\\/\"},\"wordCount\":310,\"commentCount\":3,\"publisher\":{\"@id\":\"https:\\\/\\\/www.anyssa.org\\\/classedesgnomes\\\/#\\\/schema\\\/person\\\/239c912ae4cbab448627207cdde96371\"},\"image\":{\"@id\":\"https:\\\/\\\/www.anyssa.org\\\/classedesgnomes\\\/maternelle-des-poemes-pour-toute-lannee\\\/#primaryimage\"},\"thumbnailUrl\":\"https:\\\/\\\/i0.wp.com\\\/www.anyssa.org\\\/classedesgnomes\\\/wp-content\\\/uploads\\\/2018\\\/09\\\/poz-bateau-livre_400.jpg?fit=400%2C300&ssl=1\",\"articleSection\":[\"Po\u00e8mes par th\u00e8mes\",\"Po\u00e9sie en maternelle\"],\"inLanguage\":\"fr-FR\",\"potentialAction\":[{\"@type\":\"CommentAction\",\"name\":\"Comment\",\"target\":[\"https:\\\/\\\/www.anyssa.org\\\/classedesgnomes\\\/maternelle-des-poemes-pour-toute-lannee\\\/#respond\"]}]},{\"@type\":\"WebPage\",\"@id\":\"https:\\\/\\\/www.anyssa.org\\\/classedesgnomes\\\/maternelle-des-poemes-pour-toute-lannee\\\/\",\"url\":\"https:\\\/\\\/www.anyssa.org\\\/classedesgnomes\\\/maternelle-des-poemes-pour-toute-lannee\\\/\",\"name\":\"Maternelle - Des po\u00e8mes pour toute l'ann\u00e9e ~ La Classe des gnomes\",\"isPartOf\":{\"@id\":\"https:\\\/\\\/www.anyssa.org\\\/classedesgnomes\\\/#website\"},\"primaryImageOfPage\":{\"@id\":\"https:\\\/\\\/www.anyssa.org\\\/classedesgnomes\\\/maternelle-des-poemes-pour-toute-lannee\\\/#primaryimage\"},\"image\":{\"@id\":\"https:\\\/\\\/www.anyssa.org\\\/classedesgnomes\\\/maternelle-des-poemes-pour-toute-lannee\\\/#primaryimage\"},\"thumbnailUrl\":\"https:\\\/\\\/i0.wp.com\\\/www.anyssa.org\\\/classedesgnomes\\\/wp-content\\\/uploads\\\/2018\\\/09\\\/poz-bateau-livre_400.jpg?fit=400%2C300&ssl=1\",\"datePublished\":\"2018-09-04T13:00:51+00:00\",\"dateModified\":\"2019-09-28T20:55:38+00:00\",\"description\":\"Une ann\u00e9e de po\u00e9sie en maternelle, au fil des p\u00e9riodes et des th\u00e8mes de la classe.\",\"breadcrumb\":{\"@id\":\"https:\\\/\\\/www.anyssa.org\\\/classedesgnomes\\\/maternelle-des-poemes-pour-toute-lannee\\\/#breadcrumb\"},\"inLanguage\":\"fr-FR\",\"potentialAction\":[{\"@type\":\"ReadAction\",\"target\":[\"https:\\\/\\\/www.anyssa.org\\\/classedesgnomes\\\/maternelle-des-poemes-pour-toute-lannee\\\/\"]}]},{\"@type\":\"ImageObject\",\"inLanguage\":\"fr-FR\",\"@id\":\"https:\\\/\\\/www.anyssa.org\\\/classedesgnomes\\\/maternelle-des-poemes-pour-toute-lannee\\\/#primaryimage\",\"url\":\"https:\\\/\\\/i0.wp.com\\\/www.anyssa.org\\\/classedesgnomes\\\/wp-content\\\/uploads\\\/2018\\\/09\\\/poz-bateau-livre_400.jpg?fit=400%2C300&ssl=1\",\"contentUrl\":\"https:\\\/\\\/i0.wp.com\\\/www.anyssa.org\\\/classedesgnomes\\\/wp-content\\\/uploads\\\/2018\\\/09\\\/poz-bateau-livre_400.jpg?fit=400%2C300&ssl=1\",\"width\":400,\"height\":300},{\"@type\":\"BreadcrumbList\",\"@id\":\"https:\\\/\\\/www.anyssa.org\\\/classedesgnomes\\\/maternelle-des-poemes-pour-toute-lannee\\\/#breadcrumb\",\"itemListElement\":[{\"@type\":\"ListItem\",\"position\":1,\"name\":\"Accueil\",\"item\":\"https:\\\/\\\/www.anyssa.org\\\/classedesgnomes\\\/\"},{\"@type\":\"ListItem\",\"position\":2,\"name\":\"Maternelle &#8211; Des po\u00e8mes pour toute l&rsquo;ann\u00e9e\"}]},{\"@type\":\"WebSite\",\"@id\":\"https:\\\/\\\/www.anyssa.org\\\/classedesgnomes\\\/#website\",\"url\":\"https:\\\/\\\/www.anyssa.org\\\/classedesgnomes\\\/\",\"name\":\"La Classe des gnomes\",\"description\":\"Des ressources pour la maternelle et l&#039;\u00e9l\u00e9mentaire\",\"publisher\":{\"@id\":\"https:\\\/\\\/www.anyssa.org\\\/classedesgnomes\\\/#\\\/schema\\\/person\\\/239c912ae4cbab448627207cdde96371\"},\"potentialAction\":[{\"@type\":\"SearchAction\",\"target\":{\"@type\":\"EntryPoint\",\"urlTemplate\":\"https:\\\/\\\/www.anyssa.org\\\/classedesgnomes\\\/?s={search_term_string}\"},\"query-input\":{\"@type\":\"PropertyValueSpecification\",\"valueRequired\":true,\"valueName\":\"search_term_string\"}}],\"inLanguage\":\"fr-FR\"},{\"@type\":[\"Person\",\"Organization\"],\"@id\":\"https:\\\/\\\/www.anyssa.org\\\/classedesgnomes\\\/#\\\/schema\\\/person\\\/239c912ae4cbab448627207cdde96371\",\"name\":\"Anyssa\",\"image\":{\"@type\":\"ImageObject\",\"inLanguage\":\"fr-FR\",\"@id\":\"https:\\\/\\\/i0.wp.com\\\/www.anyssa.org\\\/classedesgnomes\\\/wp-content\\\/uploads\\\/2018\\\/09\\\/cropped-lutine_1_C02.jpg?fit=512%2C512&ssl=1\",\"url\":\"https:\\\/\\\/i0.wp.com\\\/www.anyssa.org\\\/classedesgnomes\\\/wp-content\\\/uploads\\\/2018\\\/09\\\/cropped-lutine_1_C02.jpg?fit=512%2C512&ssl=1\",\"contentUrl\":\"https:\\\/\\\/i0.wp.com\\\/www.anyssa.org\\\/classedesgnomes\\\/wp-content\\\/uploads\\\/2018\\\/09\\\/cropped-lutine_1_C02.jpg?fit=512%2C512&ssl=1\",\"width\":512,\"height\":512,\"caption\":\"Anyssa\"},\"logo\":{\"@id\":\"https:\\\/\\\/i0.wp.com\\\/www.anyssa.org\\\/classedesgnomes\\\/wp-content\\\/uploads\\\/2018\\\/09\\\/cropped-lutine_1_C02.jpg?fit=512%2C512&ssl=1\"},\"sameAs\":[\"http:\\\/\\\/www.anyssa.org\\\/classedesgnomes\\\/\"]},{\"@type\":\"Person\",\"@id\":\"https:\\\/\\\/www.anyssa.org\\\/classedesgnomes\\\/#\\\/schema\\\/person\\\/992c1c48c2b9bf9b91edcfd8a3a8781f\",\"name\":\"Anyssa_admin\",\"image\":{\"@type\":\"ImageObject\",\"inLanguage\":\"fr-FR\",\"@id\":\"https:\\\/\\\/secure.gravatar.com\\\/avatar\\\/e2416769d177179ed9bce18e329f2e894205058fb300151b16c5819f4a2c51af?s=96&d=wavatar&r=g\",\"url\":\"https:\\\/\\\/secure.gravatar.com\\\/avatar\\\/e2416769d177179ed9bce18e329f2e894205058fb300151b16c5819f4a2c51af?s=96&d=wavatar&r=g\",\"contentUrl\":\"https:\\\/\\\/secure.gravatar.com\\\/avatar\\\/e2416769d177179ed9bce18e329f2e894205058fb300151b16c5819f4a2c51af?s=96&d=wavatar&r=g\",\"caption\":\"Anyssa_admin\"}}]}<\/script>\n<!-- \/ Yoast SEO plugin. -->","yoast_head_json":{"title":"Maternelle - Des po\u00e8mes pour toute l'ann\u00e9e ~ La Classe des gnomes","description":"Une ann\u00e9e de po\u00e9sie en maternelle, au fil des p\u00e9riodes et des th\u00e8mes de la classe.","robots":{"index":"index","follow":"follow","max-snippet":"max-snippet:-1","max-image-preview":"max-image-preview:large","max-video-preview":"max-video-preview:-1"},"canonical":"https:\/\/www.anyssa.org\/classedesgnomes\/maternelle-des-poemes-pour-toute-lannee\/","og_locale":"fr_FR","og_type":"article","og_title":"Maternelle - Des po\u00e8mes pour toute l'ann\u00e9e ~ La Classe des gnomes","og_description":"Une ann\u00e9e de po\u00e9sie en maternelle, au fil des p\u00e9riodes et des th\u00e8mes de la classe.","og_url":"https:\/\/www.anyssa.org\/classedesgnomes\/maternelle-des-poemes-pour-toute-lannee\/","og_site_name":"La Classe des gnomes","article_published_time":"2018-09-04T13:00:51+00:00","article_modified_time":"2019-09-28T20:55:38+00:00","og_image":[{"width":400,"height":300,"url":"https:\/\/i1.wp.com\/www.anyssa.org\/classedesgnomes\/wp-content\/uploads\/2018\/09\/poz-bateau-livre_400.jpg?fit=400%2C300&ssl=1","type":"image\/jpeg"}],"author":"Anyssa_admin","twitter_card":"summary_large_image","twitter_creator":"@Anyssa_SE","twitter_site":"@Anyssa_SE","twitter_misc":{"\u00c9crit par":"Anyssa_admin","Dur\u00e9e de lecture estim\u00e9e":"1 minute"},"schema":{"@context":"https:\/\/schema.org","@graph":[{"@type":"Article","@id":"https:\/\/www.anyssa.org\/classedesgnomes\/maternelle-des-poemes-pour-toute-lannee\/#article","isPartOf":{"@id":"https:\/\/www.anyssa.org\/classedesgnomes\/maternelle-des-poemes-pour-toute-lannee\/"},"author":{"name":"Anyssa_admin","@id":"https:\/\/www.anyssa.org\/classedesgnomes\/#\/schema\/person\/992c1c48c2b9bf9b91edcfd8a3a8781f"},"headline":"Maternelle &#8211; Des po\u00e8mes pour toute l&rsquo;ann\u00e9e","datePublished":"2018-09-04T13:00:51+00:00","dateModified":"2019-09-28T20:55:38+00:00","mainEntityOfPage":{"@id":"https:\/\/www.anyssa.org\/classedesgnomes\/maternelle-des-poemes-pour-toute-lannee\/"},"wordCount":310,"commentCount":3,"publisher":{"@id":"https:\/\/www.anyssa.org\/classedesgnomes\/#\/schema\/person\/239c912ae4cbab448627207cdde96371"},"image":{"@id":"https:\/\/www.anyssa.org\/classedesgnomes\/maternelle-des-poemes-pour-toute-lannee\/#primaryimage"},"thumbnailUrl":"https:\/\/i0.wp.com\/www.anyssa.org\/classedesgnomes\/wp-content\/uploads\/2018\/09\/poz-bateau-livre_400.jpg?fit=400%2C300&ssl=1","articleSection":["Po\u00e8mes par th\u00e8mes","Po\u00e9sie en maternelle"],"inLanguage":"fr-FR","potentialAction":[{"@type":"CommentAction","name":"Comment","target":["https:\/\/www.anyssa.org\/classedesgnomes\/maternelle-des-poemes-pour-toute-lannee\/#respond"]}]},{"@type":"WebPage","@id":"https:\/\/www.anyssa.org\/classedesgnomes\/maternelle-des-poemes-pour-toute-lannee\/","url":"https:\/\/www.anyssa.org\/classedesgnomes\/maternelle-des-poemes-pour-toute-lannee\/","name":"Maternelle - Des po\u00e8mes pour toute l'ann\u00e9e ~ La Classe des gnomes","isPartOf":{"@id":"https:\/\/www.anyssa.org\/classedesgnomes\/#website"},"primaryImageOfPage":{"@id":"https:\/\/www.anyssa.org\/classedesgnomes\/maternelle-des-poemes-pour-toute-lannee\/#primaryimage"},"image":{"@id":"https:\/\/www.anyssa.org\/classedesgnomes\/maternelle-des-poemes-pour-toute-lannee\/#primaryimage"},"thumbnailUrl":"https:\/\/i0.wp.com\/www.anyssa.org\/classedesgnomes\/wp-content\/uploads\/2018\/09\/poz-bateau-livre_400.jpg?fit=400%2C300&ssl=1","datePublished":"2018-09-04T13:00:51+00:00","dateModified":"2019-09-28T20:55:38+00:00","description":"Une ann\u00e9e de po\u00e9sie en maternelle, au fil des p\u00e9riodes et des th\u00e8mes de la classe.","breadcrumb":{"@id":"https:\/\/www.anyssa.org\/classedesgnomes\/maternelle-des-poemes-pour-toute-lannee\/#breadcrumb"},"inLanguage":"fr-FR","potentialAction":[{"@type":"ReadAction","target":["https:\/\/www.anyssa.org\/classedesgnomes\/maternelle-des-poemes-pour-toute-lannee\/"]}]},{"@type":"ImageObject","inLanguage":"fr-FR","@id":"https:\/\/www.anyssa.org\/classedesgnomes\/maternelle-des-poemes-pour-toute-lannee\/#primaryimage","url":"https:\/\/i0.wp.com\/www.anyssa.org\/classedesgnomes\/wp-content\/uploads\/2018\/09\/poz-bateau-livre_400.jpg?fit=400%2C300&ssl=1","contentUrl":"https:\/\/i0.wp.com\/www.anyssa.org\/classedesgnomes\/wp-content\/uploads\/2018\/09\/poz-bateau-livre_400.jpg?fit=400%2C300&ssl=1","width":400,"height":300},{"@type":"BreadcrumbList","@id":"https:\/\/www.anyssa.org\/classedesgnomes\/maternelle-des-poemes-pour-toute-lannee\/#breadcrumb","itemListElement":[{"@type":"ListItem","position":1,"name":"Accueil","item":"https:\/\/www.anyssa.org\/classedesgnomes\/"},{"@type":"ListItem","position":2,"name":"Maternelle &#8211; Des po\u00e8mes pour toute l&rsquo;ann\u00e9e"}]},{"@type":"WebSite","@id":"https:\/\/www.anyssa.org\/classedesgnomes\/#website","url":"https:\/\/www.anyssa.org\/classedesgnomes\/","name":"La Classe des gnomes","description":"Des ressources pour la maternelle et l&#039;\u00e9l\u00e9mentaire","publisher":{"@id":"https:\/\/www.anyssa.org\/classedesgnomes\/#\/schema\/person\/239c912ae4cbab448627207cdde96371"},"potentialAction":[{"@type":"SearchAction","target":{"@type":"EntryPoint","urlTemplate":"https:\/\/www.anyssa.org\/classedesgnomes\/?s={search_term_string}"},"query-input":{"@type":"PropertyValueSpecification","valueRequired":true,"valueName":"search_term_string"}}],"inLanguage":"fr-FR"},{"@type":["Person","Organization"],"@id":"https:\/\/www.anyssa.org\/classedesgnomes\/#\/schema\/person\/239c912ae4cbab448627207cdde96371","name":"Anyssa","image":{"@type":"ImageObject","inLanguage":"fr-FR","@id":"https:\/\/i0.wp.com\/www.anyssa.org\/classedesgnomes\/wp-content\/uploads\/2018\/09\/cropped-lutine_1_C02.jpg?fit=512%2C512&ssl=1","url":"https:\/\/i0.wp.com\/www.anyssa.org\/classedesgnomes\/wp-content\/uploads\/2018\/09\/cropped-lutine_1_C02.jpg?fit=512%2C512&ssl=1","contentUrl":"https:\/\/i0.wp.com\/www.anyssa.org\/classedesgnomes\/wp-content\/uploads\/2018\/09\/cropped-lutine_1_C02.jpg?fit=512%2C512&ssl=1","width":512,"height":512,"caption":"Anyssa"},"logo":{"@id":"https:\/\/i0.wp.com\/www.anyssa.org\/classedesgnomes\/wp-content\/uploads\/2018\/09\/cropped-lutine_1_C02.jpg?fit=512%2C512&ssl=1"},"sameAs":["http:\/\/www.anyssa.org\/classedesgnomes\/"]},{"@type":"Person","@id":"https:\/\/www.anyssa.org\/classedesgnomes\/#\/schema\/person\/992c1c48c2b9bf9b91edcfd8a3a8781f","name":"Anyssa_admin","image":{"@type":"ImageObject","inLanguage":"fr-FR","@id":"https:\/\/secure.gravatar.com\/avatar\/e2416769d177179ed9bce18e329f2e894205058fb300151b16c5819f4a2c51af?s=96&d=wavatar&r=g","url":"https:\/\/secure.gravatar.com\/avatar\/e2416769d177179ed9bce18e329f2e894205058fb300151b16c5819f4a2c51af?s=96&d=wavatar&r=g","contentUrl":"https:\/\/secure.gravatar.com\/avatar\/e2416769d177179ed9bce18e329f2e894205058fb300151b16c5819f4a2c51af?s=96&d=wavatar&r=g","caption":"Anyssa_admin"}}]}},"jetpack_featured_media_url":"https:\/\/i0.wp.com\/www.anyssa.org\/classedesgnomes\/wp-content\/uploads\/2018\/09\/poz-bateau-livre_400.jpg?fit=400%2C300&ssl=1","jetpack_likes_enabled":true,"jetpack-related-posts":[{"id":10724,"url":"https:\/\/www.anyssa.org\/classedesgnomes\/un-poeme-illustre-les-bulles-de-savon\/","url_meta":{"origin":11779,"position":0},"title":"Un po\u00e8me illustr\u00e9 &#8211; Les bulles de savon","author":"Anyssa","date":"28 septembre 2016","format":false,"excerpt":"Un nouveau po\u00e8me illustr\u00e9, adapt\u00e9 d'une chanson de Jean Naty-Boyer. Quand 10 bulles de savon \u00e9clatent les unes apr\u00e8s les autres, il finit par n'en rester plus qu'une... Qui elle aussi disparait.","rel":"","context":"Dans &quot;Po\u00e9sie en maternelle&quot;","block_context":{"text":"Po\u00e9sie en maternelle","link":"https:\/\/www.anyssa.org\/classedesgnomes\/maternelle\/poesie-en-maternelle\/"},"img":{"alt_text":"","src":"https:\/\/i0.wp.com\/www.anyssa.org\/classedesgnomes\/wp-content\/uploads\/2016\/09\/10-bulles-de-savon_texte-poeme_400.jpg?fit=400%2C300&ssl=1&resize=350%2C200","width":350,"height":200},"classes":[]},{"id":13838,"url":"https:\/\/www.anyssa.org\/classedesgnomes\/explorer-le-temps-les-12-mois-de-lannee\/","url_meta":{"origin":11779,"position":1},"title":"Explorer le temps &#8211; Les 12 mois de l&rsquo;ann\u00e9e","author":"Anyssa","date":"31 mars 2021","format":false,"excerpt":"M\u00e9moriser les 12 mois de l'ann\u00e9e, gr\u00e2ce \u00e0 l'album \"Victorine et les 12 mois de l'ann\u00e9e\", le po\u00e8me \"12 mois dans l'ann\u00e9e\" et une chanson des Versini.","rel":"","context":"Dans &quot;Explorer le monde&quot;","block_context":{"text":"Explorer le monde","link":"https:\/\/www.anyssa.org\/classedesgnomes\/maternelle\/explorer-le-monde\/"},"img":{"alt_text":"","src":"https:\/\/i0.wp.com\/www.anyssa.org\/classedesgnomes\/wp-content\/uploads\/2021\/03\/12-mois_article_min-400.jpg?fit=400%2C296&ssl=1&resize=350%2C200","width":350,"height":200},"classes":[]},{"id":8928,"url":"https:\/\/www.anyssa.org\/classedesgnomes\/comptine-illustree-pour-la-rentree\/","url_meta":{"origin":11779,"position":2},"title":"Des po\u00e9sies illustr\u00e9es &#8211; CP","author":"Anyssa","date":"30 ao\u00fbt 2015","format":false,"excerpt":"Des po\u00e8mes illustr\u00e9s, pour aider \u00e0 leur m\u00e9morisation, \u00e0 destination des plus jeunes.","rel":"","context":"Dans &quot;Po\u00e8mes par th\u00e8mes&quot;","block_context":{"text":"Po\u00e8mes par th\u00e8mes","link":"https:\/\/www.anyssa.org\/classedesgnomes\/dire\/poemes-themes\/"},"img":{"alt_text":"","src":"https:\/\/i0.wp.com\/www.anyssa.org\/classedesgnomes\/wp-content\/uploads\/2018\/09\/poz-bateau-livre_400.jpg?fit=400%2C300&ssl=1&resize=350%2C200","width":350,"height":200},"classes":[]},{"id":15656,"url":"https:\/\/www.anyssa.org\/classedesgnomes\/cp-le-poeme-chahut-de-rentree\/","url_meta":{"origin":11779,"position":3},"title":"CP &#8211; Le po\u00e8me Chahut de rentr\u00e9e","author":"Anyssa","date":"25 ao\u00fbt 2025","format":false,"excerpt":"Po\u00e8me de rentr\u00e9e illustr\u00e9, pour mes \u00e9l\u00e8ves de CP.","rel":"","context":"Dans &quot;CP&quot;","block_context":{"text":"CP","link":"https:\/\/www.anyssa.org\/classedesgnomes\/cp\/"},"img":{"alt_text":"Po\u00e9sie - Chahut de rentr\u00e9e","src":"https:\/\/i0.wp.com\/www.anyssa.org\/classedesgnomes\/wp-content\/uploads\/2025\/08\/poeme-chahut-de-rentree_site.jpg?fit=400%2C300&ssl=1&resize=350%2C200","width":350,"height":200},"classes":[]},{"id":15817,"url":"https:\/\/www.anyssa.org\/classedesgnomes\/poesie-cp-le-sapin-de-noel-pernette-chaponniere\/","url_meta":{"origin":11779,"position":4},"title":"Po\u00e9sie CP &#8211; Le sapin de No\u00ebl (Pernette Chaponni\u00e8re)","author":"Anyssa","date":"6 d\u00e9cembre 2025","format":false,"excerpt":"Documents pour l'apprentissage du po\u00e8me Le sapin de No\u00ebl, de Pernette Chaponni\u00e8re : texte int\u00e9gral, texte \u00e9l\u00e8ve, illustrations, fiche d'activit\u00e9.","rel":"","context":"Dans &quot;CP&quot;","block_context":{"text":"CP","link":"https:\/\/www.anyssa.org\/classedesgnomes\/cp\/"},"img":{"alt_text":"","src":"https:\/\/i0.wp.com\/www.anyssa.org\/classedesgnomes\/wp-content\/uploads\/2025\/12\/poeme-le-sapin-de-noel_site.jpg?fit=400%2C300&ssl=1&resize=350%2C200","width":350,"height":200},"classes":[]},{"id":1432,"url":"https:\/\/www.anyssa.org\/classedesgnomes\/lodyssee-poetique-presentation\/","url_meta":{"origin":11779,"position":5},"title":"L&rsquo;odyss\u00e9e po\u00e9tique (pr\u00e9sentation)","author":"Anyssa","date":"18 mai 2012","format":false,"excerpt":"L'odyss\u00e9e po\u00e9tique, le voyage \u00e0 travers la po\u00e9sie : tous les d\u00e9tails de son organisation dans ma classe.","rel":"","context":"Dans &quot;Odyss\u00e9e po\u00e9tique&quot;","block_context":{"text":"Odyss\u00e9e po\u00e9tique","link":"https:\/\/www.anyssa.org\/classedesgnomes\/dire\/odyssee-poetique\/"},"img":{"alt_text":"","src":"https:\/\/i0.wp.com\/www.anyssa.org\/classedesgnomes\/wp-content\/uploads\/2018\/09\/poz-bateau-livre_400.jpg?fit=400%2C300&ssl=1&resize=350%2C200","width":350,"height":200},"classes":[]}],"jetpack_sharing_enabled":true,"_links":{"self":[{"href":"https:\/\/www.anyssa.org\/classedesgnomes\/wp-json\/wp\/v2\/posts\/11779","targetHints":{"allow":["GET"]}}],"collection":[{"href":"https:\/\/www.anyssa.org\/classedesgnomes\/wp-json\/wp\/v2\/posts"}],"about":[{"href":"https:\/\/www.anyssa.org\/classedesgnomes\/wp-json\/wp\/v2\/types\/post"}],"author":[{"embeddable":true,"href":"https:\/\/www.anyssa.org\/classedesgnomes\/wp-json\/wp\/v2\/users\/9250"}],"replies":[{"embeddable":true,"href":"https:\/\/www.anyssa.org\/classedesgnomes\/wp-json\/wp\/v2\/comments?post=11779"}],"version-history":[{"count":0,"href":"https:\/\/www.anyssa.org\/classedesgnomes\/wp-json\/wp\/v2\/posts\/11779\/revisions"}],"wp:featuredmedia":[{"embeddable":true,"href":"https:\/\/www.anyssa.org\/classedesgnomes\/wp-json\/wp\/v2\/media\/12745"}],"wp:attachment":[{"href":"https:\/\/www.anyssa.org\/classedesgnomes\/wp-json\/wp\/v2\/media?parent=11779"}],"wp:term":[{"taxonomy":"category","embeddable":true,"href":"https:\/\/www.anyssa.org\/classedesgnomes\/wp-json\/wp\/v2\/categories?post=11779"},{"taxonomy":"post_tag","embeddable":true,"href":"https:\/\/www.anyssa.org\/classedesgnomes\/wp-json\/wp\/v2\/tags?post=11779"}],"curies":[{"name":"wp","href":"https:\/\/api.w.org\/{rel}","templated":true}]}}